{"id":337,"date":"2021-01-27T17:00:14","date_gmt":"2021-01-27T17:00:14","guid":{"rendered":"https:\/\/www.desdegranada.com\/site\/?p=337"},"modified":"2021-01-27T17:00:14","modified_gmt":"2021-01-27T17:00:14","slug":"hasta-el-31-de-marzo-va-la-convocatoria-para-conformar-mesa-municipal-de-victimas","status":"publish","type":"post","link":"https:\/\/www.desdegranada.com\/site\/?p=337","title":{"rendered":"Hasta el 31 de marzo va la convocatoria para conformar mesa municipal de v\u00edctimas"},"content":{"rendered":"<p style=\"text-align: justify;\">Es por eso que entre el 1 de enero de 2021 y el pr\u00f3ximo 31 de marzo, est\u00e1 abierta la convocatoria para organizaciones de v\u00edctimas (conformadas por v\u00edctimas) y organizaciones defensoras de v\u00edctimas (que trabajan en la defensa de las v\u00edctimas) que quieran hacer parte de la mesa municipal de participaci\u00f3n de v\u00edctimas durante el per\u00edodo 2021 -2023.<\/p>\n<p style=\"text-align: justify;\">\u201cUna vez se inscriban en este per\u00edodo de 90 d\u00edas, en el mes de septiembre se llevar\u00e1 a cabo la elecci\u00f3n a trav\u00e9s de un procedimiento participativo y democr\u00e1tico con todas las organizaciones que se presenten\u201d, explica el personero municipal Omar Dar\u00edo Garc\u00eda.<\/p>\n<p style=\"text-align: justify;\">Organizaciones del municipio como Asovida, Asodesplazados, Tejipaz y dem\u00e1s que est\u00e9n interesadas en postularse para conformar la mesa municipal de v\u00edctimas, pueden acercarse a la personer\u00eda municipal para diligenciar el formulario de inscripci\u00f3n.<\/p>\n","protected":false},"excerpt":{"rendered":"<p style=\"text-align: justify;\">Las mesas municipales de participaci\u00f3n de v\u00edctimas, son la instancia que permite hacer veedur\u00eda y seguimiento a las pol\u00edticas que se adelantan en beneficio de la poblaci\u00f3n v\u00edctima y en especial al cumplimiento de la ley 1448.<\/p>\n","protected":false},"author":1,"featured_media":0,"comment_status":"open","ping_status":"open","sticky":false,"template":"","format":"standard","meta":{"footnotes":""},"categories":[19],"tags":[],"class_list":["post-337","post","type-post","status-publish","format-standard","hentry","category-noticias"],"_links":{"self":[{"href":"https:\/\/www.desdegranada.com\/site\/index.php?rest_route=\/wp\/v2\/posts\/337","targetHints":{"allow":["GET"]}}],"collection":[{"href":"https:\/\/www.desdegranada.com\/site\/index.php?rest_route=\/wp\/v2\/posts"}],"about":[{"href":"https:\/\/www.desdegranada.com\/site\/index.php?rest_route=\/wp\/v2\/types\/post"}],"author":[{"embeddable":true,"href":"https:\/\/www.desdegranada.com\/site\/index.php?rest_route=\/wp\/v2\/users\/1"}],"replies":[{"embeddable":true,"href":"https:\/\/www.desdegranada.com\/site\/index.php?rest_route=%2Fwp%2Fv2%2Fcomments&post=337"}],"version-history":[{"count":0,"href":"https:\/\/www.desdegranada.com\/site\/index.php?rest_route=\/wp\/v2\/posts\/337\/revisions"}],"wp:attachment":[{"href":"https:\/\/www.desdegranada.com\/site\/index.php?rest_route=%2Fwp%2Fv2%2Fmedia&parent=337"}],"wp:term":[{"taxonomy":"category","embeddable":true,"href":"https:\/\/www.desdegranada.com\/site\/index.php?rest_route=%2Fwp%2Fv2%2Fcategories&post=337"},{"taxonomy":"post_tag","embeddable":true,"href":"https:\/\/www.desdegranada.com\/site\/index.php?rest_route=%2Fwp%2Fv2%2Ftags&post=337"}],"curies":[{"name":"wp","href":"https:\/\/api.w.org\/{rel}","templated":true}]}}