{"id":338,"date":"2021-01-28T20:36:32","date_gmt":"2021-01-28T20:36:32","guid":{"rendered":"https:\/\/www.desdegranada.com\/site\/?p=338"},"modified":"2021-01-28T20:36:32","modified_gmt":"2021-01-28T20:36:32","slug":"cierres-viales-en-la-via-granada-san-carlos","status":"publish","type":"post","link":"https:\/\/www.desdegranada.com\/site\/?p=338","title":{"rendered":"Cierres viales en la v\u00eda Granada \u2013 San Carlos"},"content":{"rendered":"<p style=\"text-align: justify;\">Los cierres tendr\u00e1n lugar desde el 28 de enero hasta el 6 de febrero de 2021 entre las 7:00a.m y las 5:00p.m, pero \u00fanicamente entre los d\u00edas lunes y viernes.<\/p>\n<p style=\"text-align: justify;\"><img decoding=\"async\" src=\"images\/Cierres_Granada-San_Carlos.jpg\" alt=\"\" \/><\/p>\n<p style=\"text-align: justify;\">Vale anotar que una vez finalice el asfaltado de estos 8.7 kil\u00f3metros, se estar\u00edan alcanzando 32 kil\u00f3metros de v\u00eda intervenidos de los 42 totales que unen las dos localidades, y quedar\u00edan restando tan solo 10 para tener la v\u00eda completamente pavimentada. Para la conclusi\u00f3n de ese trayecto, ya existe tambi\u00e9n un compromiso del gobierno departamental.<\/p>\n","protected":false},"excerpt":{"rendered":"<p style=\"text-align: justify;\">Con motivo de las obras de pavimentaci\u00f3n de los 8.7 kil\u00f3metros de v\u00eda que se vienen desarrollando entre Granada y San Carlos y con miras a tener un mayor avance, el consorcio San Vicente Hidor ha programado cierres viales para estos \u00faltimos d\u00edas del mes de enero y los primeros de febrero.<\/p>\n","protected":false},"author":1,"featured_media":0,"comment_status":"open","ping_status":"open","sticky":false,"template":"","format":"standard","meta":{"footnotes":""},"categories":[19],"tags":[],"class_list":["post-338","post","type-post","status-publish","format-standard","hentry","category-noticias"],"_links":{"self":[{"href":"https:\/\/www.desdegranada.com\/site\/index.php?rest_route=\/wp\/v2\/posts\/338","targetHints":{"allow":["GET"]}}],"collection":[{"href":"https:\/\/www.desdegranada.com\/site\/index.php?rest_route=\/wp\/v2\/posts"}],"about":[{"href":"https:\/\/www.desdegranada.com\/site\/index.php?rest_route=\/wp\/v2\/types\/post"}],"author":[{"embeddable":true,"href":"https:\/\/www.desdegranada.com\/site\/index.php?rest_route=\/wp\/v2\/users\/1"}],"replies":[{"embeddable":true,"href":"https:\/\/www.desdegranada.com\/site\/index.php?rest_route=%2Fwp%2Fv2%2Fcomments&post=338"}],"version-history":[{"count":0,"href":"https:\/\/www.desdegranada.com\/site\/index.php?rest_route=\/wp\/v2\/posts\/338\/revisions"}],"wp:attachment":[{"href":"https:\/\/www.desdegranada.com\/site\/index.php?rest_route=%2Fwp%2Fv2%2Fmedia&parent=338"}],"wp:term":[{"taxonomy":"category","embeddable":true,"href":"https:\/\/www.desdegranada.com\/site\/index.php?rest_route=%2Fwp%2Fv2%2Fcategories&post=338"},{"taxonomy":"post_tag","embeddable":true,"href":"https:\/\/www.desdegranada.com\/site\/index.php?rest_route=%2Fwp%2Fv2%2Ftags&post=338"}],"curies":[{"name":"wp","href":"https:\/\/api.w.org\/{rel}","templated":true}]}}