{"id":339,"date":"2021-01-29T15:36:27","date_gmt":"2021-01-29T15:36:27","guid":{"rendered":"https:\/\/www.desdegranada.com\/site\/?p=339"},"modified":"2021-01-29T15:36:27","modified_gmt":"2021-01-29T15:36:27","slug":"presenciales-o-alternancia-como-podrian-ser-las-clases-en-la-zona-rural","status":"publish","type":"post","link":"https:\/\/www.desdegranada.com\/site\/?p=339","title":{"rendered":"\u00bfPresenciales o alternancia? \u00bfC\u00f3mo podr\u00edan ser las clases en la zona rural?"},"content":{"rendered":"<p style=\"text-align: justify;\">La Cascada es una de las veredas m\u00e1s habitadas de Granada, y sumados los estudiantes de todos los grados que estar\u00e1n en las clases, no alcanza los 25. Mientras hac\u00eda una encuesta en mis redes sociales, me di cuenta de que en otra vereda solo habr\u00e1 9 estudiantes y as\u00ed por el estilo uno podr\u00eda preguntar a cada docente rural sobre la cantidad de estudiantes que estar\u00e1n en su escuela este a\u00f1o y no creo que sume muchos, lastimosamente.<\/p>\n<p style=\"text-align: justify;\">Reflexionando uno dice, ah\u00ed no hay aglomeraci\u00f3n y perfectamente podr\u00eda dictarse clase con normalidad, por lo menos en estos dos centros educativos (Quebradona Abajo y La Cascada) pero es ah\u00ed donde caben las palabras del tambi\u00e9n docente Didier Giraldo Hern\u00e1ndez: \u201cadiv\u00edneme que le pasa a un alcalde, a un director rural o a un maestro si se pone a abrir clases presenciales sin autorizaci\u00f3n del ministerio y para colmo de males llegue a pasar cualquier cosa, o un accidente escolar o un contagio. Se los tragan vivos. Por m\u00e1s razones que haya nada se puede hacer sin el aval del ministerio. Nada. Punto\u201d.<\/p>\n<p style=\"text-align: justify;\"><img decoding=\"async\" src=\"images\/Presencial_o_virtual.jpg\" alt=\"\" \/><\/p>\n<p style=\"text-align: justify;\">Seg\u00fan las palabras de Didier, uno entender\u00eda que lo que hacen desde el Ministerio de Educaci\u00f3n es un trabajo juicioso para el retorno de los muchachos a clase, pero me parece que para los muchachos de la zona rural deber\u00eda ser m\u00e1s r\u00e1pido el retorno.<\/p>\n<p style=\"text-align: justify;\">Primero por lo que dice Armando Salazar: \u201cser\u00eda mejor de manera presencial, en especial no podemos concebir el sal\u00f3n de clases como el \u00fanico espacio de aprendizaje, y en las veredas, creo que se pueden aprovechar otros espacios, donde tranquilamente se puede hacer distanciamiento social. Clases en las canchas, en las mangas, en los parques, bajo un \u00e1rbol, entre otras. Nuevas formas de aprender\u201d.<\/p>\n<p style=\"text-align: justify;\">Y Johny Guar\u00edn, coment\u00f3: \u201ctanto para profes como para ni\u00f1os creo que es mejor presencial. No tiene raz\u00f3n de ser en virtualidad. En esos espacios se garantiza f\u00e1cilmente el distanciamiento\u201d.<\/p>\n<p style=\"text-align: justify;\">Mientras realizaba el texto, me di cuenta de que hoy solamente hay seis estudiantes inscritos de la zona rural para cursar el grado sexto. Puede haber muchos factores que hace que tengamos una cifra tan baja, pero igual no deja de ser preocupante.<\/p>\n<p style=\"text-align: justify;\">Estos seis estudiantes realizar\u00edan sus jornadas acad\u00e9micas el fin de semana en sexto sabatino, una jornada de estudio que INEJAGO les abre a los j\u00f3venes del campo, pero si esa cifra se mantiene, no pueden comenzar clases con ellos, tendr\u00edan que mandarlos a otra parte.<\/p>\n<p style=\"text-align: justify;\">Y si su pregunta es \u00bfla virtualidad? Homeee, la zona rural lastimosamente no est\u00e1 para eso, al menos al 100%, pues la mayor\u00eda de las veredas no tienen buena conexi\u00f3n a internet y en ocasiones a los campesinos les toca hacer maromas para realizar llamadas desde sus fincas.<\/p>\n<p style=\"text-align: justify;\">Mayuleidy Giraldo Aristiz\u00e1bal, en su comentario de facebook, me da un dato: \u201cdeber\u00edan empezar clases presenciales, en ciudades han empezado con 10 ni\u00f1os por aula de clase\u201d, que es casi la misma cantidad que hay en Quebradona Abajo.<\/p>\n<p style=\"text-align: justify;\">Ahora, la pregunta para hacer el paralelo entre el campo y la ciudad ser\u00eda: \u00bfCu\u00e1l es la cantidad permitida por el ministerio para retornar a clase en la ciudad? \u00bfNueve? \u00bfVeinte?<\/p>\n","protected":false},"excerpt":{"rendered":"<p style=\"text-align: justify;\">Fotos: Docente Luisa Velez.<\/p>\n<p style=\"text-align: justify;\">Por: Jeison A. Giraldo<\/p>\n<p style=\"text-align: justify;\">Recuerdo que mientras desayunaba, mi hermana me contaba que ten\u00eda una reuni\u00f3n con la profesora de su vereda porque deb\u00edan cuadrar los horarios para el nuevo a\u00f1o. El Ministerio de Educaci\u00f3n dio luz verde para iniciar nuevamente los estudios despu\u00e9s de un a\u00f1o bastante agudo por el tema de cuarentena y clases virtuales.<\/p>\n","protected":false},"author":1,"featured_media":0,"comment_status":"open","ping_status":"open","sticky":false,"template":"","format":"standard","meta":{"footnotes":""},"categories":[20],"tags":[],"class_list":["post-339","post","type-post","status-publish","format-standard","hentry","category-columnistas"],"_links":{"self":[{"href":"https:\/\/www.desdegranada.com\/site\/index.php?rest_route=\/wp\/v2\/posts\/339","targetHints":{"allow":["GET"]}}],"collection":[{"href":"https:\/\/www.desdegranada.com\/site\/index.php?rest_route=\/wp\/v2\/posts"}],"about":[{"href":"https:\/\/www.desdegranada.com\/site\/index.php?rest_route=\/wp\/v2\/types\/post"}],"author":[{"embeddable":true,"href":"https:\/\/www.desdegranada.com\/site\/index.php?rest_route=\/wp\/v2\/users\/1"}],"replies":[{"embeddable":true,"href":"https:\/\/www.desdegranada.com\/site\/index.php?rest_route=%2Fwp%2Fv2%2Fcomments&post=339"}],"version-history":[{"count":0,"href":"https:\/\/www.desdegranada.com\/site\/index.php?rest_route=\/wp\/v2\/posts\/339\/revisions"}],"wp:attachment":[{"href":"https:\/\/www.desdegranada.com\/site\/index.php?rest_route=%2Fwp%2Fv2%2Fmedia&parent=339"}],"wp:term":[{"taxonomy":"category","embeddable":true,"href":"https:\/\/www.desdegranada.com\/site\/index.php?rest_route=%2Fwp%2Fv2%2Fcategories&post=339"},{"taxonomy":"post_tag","embeddable":true,"href":"https:\/\/www.desdegranada.com\/site\/index.php?rest_route=%2Fwp%2Fv2%2Ftags&post=339"}],"curies":[{"name":"wp","href":"https:\/\/api.w.org\/{rel}","templated":true}]}}