{"id":340,"date":"2021-01-30T14:37:58","date_gmt":"2021-01-30T14:37:58","guid":{"rendered":"https:\/\/www.desdegranada.com\/site\/?p=340"},"modified":"2021-01-30T14:37:58","modified_gmt":"2021-01-30T14:37:58","slug":"recreando-la-celebracion-de-la-misa-de-fundacion-de-granada","status":"publish","type":"post","link":"https:\/\/www.desdegranada.com\/site\/?p=340","title":{"rendered":"Recreando la celebraci\u00f3n de la misa de fundaci\u00f3n de Granada"},"content":{"rendered":"<p style=\"text-align: justify;\"><strong>S\u00e1bado 31 de enero de 1807. <\/strong><\/p>\n<p style=\"text-align: justify;\">Se preparaban para la celebraci\u00f3n de la primera misa las poco m\u00e1s de 800 personas que se hab\u00edan asentado desde hac\u00eda algunos a\u00f1os en un lotecito llamado Las Vegas. Ese mismo terreno h\u00famedo, en el que por all\u00e1 en 1804 sus habitantes venidos de El Santuario, Marinilla y El Retiro ya hab\u00edan construido una capilla, esperaba la visita del padre.<\/p>\n<p style=\"text-align: justify;\">Unos cuantos G\u00f3mez, Giraldos, Tamayos y Alzates, terminaban de preparar el recibimiento al curita, que seg\u00fan sab\u00edan, ven\u00eda desde Marinilla a lomo de mula.<\/p>\n<p style=\"text-align: justify;\">Nadie se imagin\u00f3 que ese peque\u00f1o asentamiento alg\u00fan d\u00eda alcanzar\u00eda a ser tan grande y poblado. Juan de Dios fue, por decirlo as\u00ed, el primer alcalde. Ten\u00eda unos colaboradores que, junto con \u00e9l, so\u00f1aban con construir un gran caser\u00edo y qu\u00e9 mejor manera de comenzar que con la bendici\u00f3n de Dios representada en el cura.<\/p>\n<p style=\"text-align: justify;\"><img decoding=\"async\" src=\"images\/Historia_de_Granada.jpg\" alt=\"\" \/><\/p>\n<p style=\"text-align: justify;\">Mientras el padre viajaba desde Marinilla, todos los pobladores se reunieron para preparar lo que ser\u00eda la primera misa. Fue as\u00ed como ellos mismos hicieron una mesa improvisada que servir\u00eda de altar, unas flores que recogieron los ni\u00f1os en el camino sirvieron para adornarlo, fue algo muy sencillo\u2026 pero eso s\u00ed, con muchas ganas.<\/p>\n<p style=\"text-align: justify;\">Don Juan de Dios G\u00f3mez de Castro fue quien divis\u00f3 a lo lejos a un hombre de sotana y sombrero color negro que cabalgaba sobre un caballo blanco, y fue a su encuentro. Cuando ya estaban bastante cerca don Juan de Dios le grit\u00f3: \u201cdebe de ser usted el padrecito que viene a celebranos la misa. Camine, s\u00edgame y se toma un guarapito pa la sed, que me imagino debe de venir con calor, y si le provoca, de una vez almuerza\u201d.<\/p>\n<p style=\"text-align: justify;\">\u201cSi se\u00f1or, mucho gusto\u201d, le respondi\u00f3 el padre. \u201cMi nombre es Jorge Ram\u00f3n de Posada y soy quien va a celebrar la misa\u201d.<\/p>\n<p style=\"text-align: justify;\">Una vez se presentaron, el padre sigui\u00f3 a don Juan de Dios hasta una casa de tapia ubicada en un altico, mientras avanzaban en el camino, Juan de Dios le cont\u00f3 al curita sobre la llegada de los primeros pobladores y c\u00f3mo hab\u00eda sido eso de poner la primera piedra. En eso llegaron a la casa, entraron y se sentaron sobre un ba\u00fal, frente a una mesa hecha de tablas r\u00fasticas y almorzaron.<\/p>\n<p style=\"text-align: justify;\">El murmullo de las gentes afuera, cerca de la casa de don Juan de Dios, anunciaba que era el momento de dar inicio a la celebraci\u00f3n, as\u00ed que don Juan de Dios y el padre Jorge Ram\u00f3n salieron de la vivienda hacia la capillita.<\/p>\n<p style=\"text-align: justify;\">El padre en la homil\u00eda, augur\u00f3 muchos \u00e9xitos para esta poblaci\u00f3n que apenas arrancaba y aprovech\u00f3 para dar unos consejos. Les pidi\u00f3 que trabajaran para seguir con ese proyecto adelante, y, enfatiz\u00f3 eso s\u00ed, en que nunca dejaran la mano de Dios.<\/p>\n<p style=\"text-align: justify;\">Finalmente, y a pesar de las carreras para ultimar detalles de log\u00edstica, todo sali\u00f3 bien aquel s\u00e1bado y tras la celebraci\u00f3n de la eucarist\u00eda, se empez\u00f3 a escribir de manera oficial la historia de este territorio que amamos. Hoy 214 a\u00f1os despu\u00e9s, el arraigo y sentido de pertenencia por nuestro terru\u00f1o sigue trascendiendo de generaci\u00f3n en generaci\u00f3n.<\/p>\n","protected":false},"excerpt":{"rendered":"<p style=\"text-align: justify;\">Por: Faiber Salazar y Yeison Giraldo.<\/p>\n<p style=\"text-align: justify;\"><em>La vereda siempre conserv\u00f3 su nombre \u201cLas Vegas\u201d, pero no siempre tuvo la carretera que comunica al crucero, que hoy es un balc\u00f3n desde donde se divisa la vereda La Cascada. Antes eran unos caminos casi que intransitables. Actualmente como si se tratara de aquellos primeros d\u00edas, nuevamente llega mucha gente a este sector para seguir poblando la vereda y se pueden ver en el trayecto fincas lujosas que hacen de ella una de las m\u00e1s habitadas de Granada; tiene una carretera que est\u00e1 pavimentada en placa huella. Anteriormente y para ese tiempo era mucho m\u00e1s el frio en esa zona.<\/em><\/p>\n","protected":false},"author":1,"featured_media":0,"comment_status":"open","ping_status":"open","sticky":false,"template":"","format":"standard","meta":{"footnotes":""},"categories":[20],"tags":[],"class_list":["post-340","post","type-post","status-publish","format-standard","hentry","category-columnistas"],"_links":{"self":[{"href":"https:\/\/www.desdegranada.com\/site\/index.php?rest_route=\/wp\/v2\/posts\/340","targetHints":{"allow":["GET"]}}],"collection":[{"href":"https:\/\/www.desdegranada.com\/site\/index.php?rest_route=\/wp\/v2\/posts"}],"about":[{"href":"https:\/\/www.desdegranada.com\/site\/index.php?rest_route=\/wp\/v2\/types\/post"}],"author":[{"embeddable":true,"href":"https:\/\/www.desdegranada.com\/site\/index.php?rest_route=\/wp\/v2\/users\/1"}],"replies":[{"embeddable":true,"href":"https:\/\/www.desdegranada.com\/site\/index.php?rest_route=%2Fwp%2Fv2%2Fcomments&post=340"}],"version-history":[{"count":0,"href":"https:\/\/www.desdegranada.com\/site\/index.php?rest_route=\/wp\/v2\/posts\/340\/revisions"}],"wp:attachment":[{"href":"https:\/\/www.desdegranada.com\/site\/index.php?rest_route=%2Fwp%2Fv2%2Fmedia&parent=340"}],"wp:term":[{"taxonomy":"category","embeddable":true,"href":"https:\/\/www.desdegranada.com\/site\/index.php?rest_route=%2Fwp%2Fv2%2Fcategories&post=340"},{"taxonomy":"post_tag","embeddable":true,"href":"https:\/\/www.desdegranada.com\/site\/index.php?rest_route=%2Fwp%2Fv2%2Ftags&post=340"}],"curies":[{"name":"wp","href":"https:\/\/api.w.org\/{rel}","templated":true}]}}