{"id":342,"date":"2021-02-05T16:30:28","date_gmt":"2021-02-05T16:30:28","guid":{"rendered":"https:\/\/www.desdegranada.com\/site\/?p=342"},"modified":"2021-02-05T16:30:28","modified_gmt":"2021-02-05T16:30:28","slug":"pavimentacion-granada-cocorna-licitacion-para-estudios-y-disenos-se-adjudicara-este-mes","status":"publish","type":"post","link":"https:\/\/www.desdegranada.com\/site\/?p=342","title":{"rendered":"Pavimentaci\u00f3n Granada \u2013 Cocorn\u00e1: licitaci\u00f3n para estudios y dise\u00f1os se adjudicar\u00e1 este mes"},"content":{"rendered":"<p style=\"text-align: justify;\">Y es que de acuerdo a informaci\u00f3n publicada en el portal mioriente.com, esta v\u00eda ser\u00e1 pavimentada para mejorar la transitabilidad entre las dos localidades y por ende las condiciones de vida de los habitantes de este sector. En el texto se anuncia que en este mes de febrero se adjudicar\u00e1 la licitaci\u00f3n para la realizaci\u00f3n de estudios y el dise\u00f1o de la v\u00eda.<\/p>\n<p style=\"text-align: justify;\">El proyecto que contempla el asfaltado de 11.5 kil\u00f3metros y una inversi\u00f3n aproximada de 20 mil millones de pesos, se desarrollar\u00e1 gracias a las gestiones realizadas ante la Secretar\u00eda de Infraestructura del Departamento y se espera contar tambi\u00e9n con recursos provenientes del Gobierno Nacional.<\/p>\n<p style=\"text-align: justify;\">El corredor vial Cocorn\u00e1 \u2013 Granada se encuentra priorizado dentro del plan de desarrollo de Antioquia \u201cUnidos por la vida\u201d, en el que se tiene una apuesta ambiciosa por mejorar la red vial departamental y la conectividad del territorio.<\/p>\n","protected":false},"excerpt":{"rendered":"<p style=\"text-align: justify;\">Parece que m\u00e1s pronto que tarde la conocida v\u00eda destapada que comunica a los municipios de Granada y Cocorn\u00e1, por el sector conocido como El Ramal, dejar\u00e1 de ser destapada.<\/p>\n","protected":false},"author":1,"featured_media":0,"comment_status":"open","ping_status":"open","sticky":false,"template":"","format":"standard","meta":{"footnotes":""},"categories":[19],"tags":[],"class_list":["post-342","post","type-post","status-publish","format-standard","hentry","category-noticias"],"_links":{"self":[{"href":"https:\/\/www.desdegranada.com\/site\/index.php?rest_route=\/wp\/v2\/posts\/342","targetHints":{"allow":["GET"]}}],"collection":[{"href":"https:\/\/www.desdegranada.com\/site\/index.php?rest_route=\/wp\/v2\/posts"}],"about":[{"href":"https:\/\/www.desdegranada.com\/site\/index.php?rest_route=\/wp\/v2\/types\/post"}],"author":[{"embeddable":true,"href":"https:\/\/www.desdegranada.com\/site\/index.php?rest_route=\/wp\/v2\/users\/1"}],"replies":[{"embeddable":true,"href":"https:\/\/www.desdegranada.com\/site\/index.php?rest_route=%2Fwp%2Fv2%2Fcomments&post=342"}],"version-history":[{"count":0,"href":"https:\/\/www.desdegranada.com\/site\/index.php?rest_route=\/wp\/v2\/posts\/342\/revisions"}],"wp:attachment":[{"href":"https:\/\/www.desdegranada.com\/site\/index.php?rest_route=%2Fwp%2Fv2%2Fmedia&parent=342"}],"wp:term":[{"taxonomy":"category","embeddable":true,"href":"https:\/\/www.desdegranada.com\/site\/index.php?rest_route=%2Fwp%2Fv2%2Fcategories&post=342"},{"taxonomy":"post_tag","embeddable":true,"href":"https:\/\/www.desdegranada.com\/site\/index.php?rest_route=%2Fwp%2Fv2%2Ftags&post=342"}],"curies":[{"name":"wp","href":"https:\/\/api.w.org\/{rel}","templated":true}]}}