{"id":343,"date":"2021-02-05T23:31:54","date_gmt":"2021-02-05T23:31:54","guid":{"rendered":"https:\/\/www.desdegranada.com\/site\/?p=343"},"modified":"2021-02-05T23:31:54","modified_gmt":"2021-02-05T23:31:54","slug":"casa-de-la-cultura-abre-inscripciones-para-sus-procesos-formativos","status":"publish","type":"post","link":"https:\/\/www.desdegranada.com\/site\/?p=343","title":{"rendered":"Casa de la Cultura abre inscripciones para sus procesos formativos"},"content":{"rendered":"<p style=\"text-align: justify;\">La convocatoria se est\u00e1 realizando desde ya, y el proceso de inscripciones ser\u00e1 a partir del lunes 8 de febrero.<\/p>\n<p style=\"text-align: justify;\">\u201cSe van a abrir las inscripciones para todos los ni\u00f1os, j\u00f3venes y adultos que quieran pertenecer a alguno de los programas de la casa de la cultura. Vamos a estar m\u00e1s o menos diez d\u00edas en inscripciones y vamos a hacer una serie de eventos para motivar las inscripciones en las diferentes promotor\u00edas art\u00edsticas\u201d<\/p>\n<p style=\"text-align: justify;\">Teatro, danza, pintura, cuerdas pulsadas, banda sinf\u00f3nica y la oferta de la biblioteca, adem\u00e1s reapertura de procesos como cuerdas frotadas y el museo de ciencias naturales son las disciplinas art\u00edsticas que esperan por la comunidad granadina para adentrarnos en el mundo de la cultura.<\/p>\n","protected":false},"excerpt":{"rendered":"<p style=\"text-align: justify;\">Con miras a abrir nuevamente las puertas de la casa de la cultura Ram\u00f3n Eduardo Duque a la comunidad, a lo largo de la presente semana se han llevado a cabo varias reuniones entre la direcci\u00f3n y el equipo de promotores para definir la metodolog\u00eda de trabajo durante el primer semestre de 2021.<\/p>\n","protected":false},"author":1,"featured_media":0,"comment_status":"open","ping_status":"open","sticky":false,"template":"","format":"standard","meta":{"footnotes":""},"categories":[19],"tags":[],"class_list":["post-343","post","type-post","status-publish","format-standard","hentry","category-noticias"],"_links":{"self":[{"href":"https:\/\/www.desdegranada.com\/site\/index.php?rest_route=\/wp\/v2\/posts\/343","targetHints":{"allow":["GET"]}}],"collection":[{"href":"https:\/\/www.desdegranada.com\/site\/index.php?rest_route=\/wp\/v2\/posts"}],"about":[{"href":"https:\/\/www.desdegranada.com\/site\/index.php?rest_route=\/wp\/v2\/types\/post"}],"author":[{"embeddable":true,"href":"https:\/\/www.desdegranada.com\/site\/index.php?rest_route=\/wp\/v2\/users\/1"}],"replies":[{"embeddable":true,"href":"https:\/\/www.desdegranada.com\/site\/index.php?rest_route=%2Fwp%2Fv2%2Fcomments&post=343"}],"version-history":[{"count":0,"href":"https:\/\/www.desdegranada.com\/site\/index.php?rest_route=\/wp\/v2\/posts\/343\/revisions"}],"wp:attachment":[{"href":"https:\/\/www.desdegranada.com\/site\/index.php?rest_route=%2Fwp%2Fv2%2Fmedia&parent=343"}],"wp:term":[{"taxonomy":"category","embeddable":true,"href":"https:\/\/www.desdegranada.com\/site\/index.php?rest_route=%2Fwp%2Fv2%2Fcategories&post=343"},{"taxonomy":"post_tag","embeddable":true,"href":"https:\/\/www.desdegranada.com\/site\/index.php?rest_route=%2Fwp%2Fv2%2Ftags&post=343"}],"curies":[{"name":"wp","href":"https:\/\/api.w.org\/{rel}","templated":true}]}}