{"id":344,"date":"2021-02-09T15:37:25","date_gmt":"2021-02-09T15:37:25","guid":{"rendered":"https:\/\/www.desdegranada.com\/site\/?p=344"},"modified":"2021-02-09T15:37:25","modified_gmt":"2021-02-09T15:37:25","slug":"inicio-primer-periodo-de-sesiones-del-concejo-municipal-de-2021","status":"publish","type":"post","link":"https:\/\/www.desdegranada.com\/site\/?p=344","title":{"rendered":"Inici\u00f3 primer per\u00edodo de sesiones del concejo municipal de 2021"},"content":{"rendered":"<p style=\"text-align: justify;\">Durante las reuniones que tendr\u00e1n lugar los d\u00edas viernes, s\u00e1bados y domingos de este mes, se tratar\u00e1n variedad de temas relacionados con los programas y proyectos que se desarrollan actualmente en la localidad.<\/p>\n<p style=\"text-align: justify;\">\u201cLa propuesta m\u00e1s importante es el plan educativo municipal, que est\u00e1 como ponente el se\u00f1or Edwin Giraldo y que tiene una vigencia de 12 a\u00f1os. Esperamos se convierta en acuerdo municipal donde verdaderamente la pol\u00edtica educativa del municipio tenga un norte. Le hemos pedido tambi\u00e9n que en ese plan educativo municipal se presente un plan de inversiones para poder hacerle seguimiento y evaluaci\u00f3n a\u00f1o tras a\u00f1o\u201d, explic\u00f3 Iv\u00e1n Dar\u00edo Hoyos Jim\u00e9nez, presidente de la corporaci\u00f3n para el a\u00f1o 2021.<\/p>\n<p style=\"text-align: justify;\">Frente al Esquema de Ordenamiento Territorial (EOT), que es otro de los proyectos que el concejo municipal viene evaluando y ayudando a construir desde hace algunos a\u00f1os, Iv\u00e1n Dar\u00edo manifest\u00f3 que \u201ccreemos, con un compromiso que ha hecho la administraci\u00f3n bajo el secretario de planeaci\u00f3n municipal, que para el mes de agosto se est\u00e9 presentando el Esquema de Ordenamiento Territorial municipal, que es una necesidad y un anhelo que hemos tenido para el municipio de Granada donde verdaderamente se regularice nuestro municipio y se le de un norte en la construcci\u00f3n y el futuro de Granada\u201d.<\/p>\n<p style=\"text-align: justify;\">Para acercar m\u00e1s a la comunidad a los diferentes debates, algunos de los debates, tendr\u00e1n transmisi\u00f3n por el canal comunitario Vahos TV.<\/p>\n","protected":false},"excerpt":{"rendered":"<p style=\"text-align: justify;\">Adentrados en el segundo mes de 2021, el honorable concejo municipal de Granada dio inicio al primer per\u00edodo de sesiones ordinarias del a\u00f1o el pasado viernes 5 de febrero.<\/p>\n","protected":false},"author":1,"featured_media":0,"comment_status":"open","ping_status":"open","sticky":false,"template":"","format":"standard","meta":{"footnotes":""},"categories":[19],"tags":[],"class_list":["post-344","post","type-post","status-publish","format-standard","hentry","category-noticias"],"_links":{"self":[{"href":"https:\/\/www.desdegranada.com\/site\/index.php?rest_route=\/wp\/v2\/posts\/344","targetHints":{"allow":["GET"]}}],"collection":[{"href":"https:\/\/www.desdegranada.com\/site\/index.php?rest_route=\/wp\/v2\/posts"}],"about":[{"href":"https:\/\/www.desdegranada.com\/site\/index.php?rest_route=\/wp\/v2\/types\/post"}],"author":[{"embeddable":true,"href":"https:\/\/www.desdegranada.com\/site\/index.php?rest_route=\/wp\/v2\/users\/1"}],"replies":[{"embeddable":true,"href":"https:\/\/www.desdegranada.com\/site\/index.php?rest_route=%2Fwp%2Fv2%2Fcomments&post=344"}],"version-history":[{"count":0,"href":"https:\/\/www.desdegranada.com\/site\/index.php?rest_route=\/wp\/v2\/posts\/344\/revisions"}],"wp:attachment":[{"href":"https:\/\/www.desdegranada.com\/site\/index.php?rest_route=%2Fwp%2Fv2%2Fmedia&parent=344"}],"wp:term":[{"taxonomy":"category","embeddable":true,"href":"https:\/\/www.desdegranada.com\/site\/index.php?rest_route=%2Fwp%2Fv2%2Fcategories&post=344"},{"taxonomy":"post_tag","embeddable":true,"href":"https:\/\/www.desdegranada.com\/site\/index.php?rest_route=%2Fwp%2Fv2%2Ftags&post=344"}],"curies":[{"name":"wp","href":"https:\/\/api.w.org\/{rel}","templated":true}]}}