{"id":345,"date":"2021-02-11T13:48:34","date_gmt":"2021-02-11T13:48:34","guid":{"rendered":"https:\/\/www.desdegranada.com\/site\/?p=345"},"modified":"2021-02-11T13:48:34","modified_gmt":"2021-02-11T13:48:34","slug":"con-apoyo-de-la-oficina-de-juventud-se-conformo-la-mesa-de-juventudes-del-municipio","status":"publish","type":"post","link":"https:\/\/www.desdegranada.com\/site\/?p=345","title":{"rendered":"Con apoyo de la oficina de juventud, se conform\u00f3 la mesa de juventudes del municipio"},"content":{"rendered":"<p style=\"text-align: justify;\">Las votaciones que estaban programadas para el a\u00f1o 2020, debieron ser aplazadas debido a la pandemia del covid 19 y tuvieron lugar en estos primeros d\u00edas de 2021, m\u00e1s exactamente el jueves 4 de febrero. De este proceso hicieron parte j\u00f3venes, l\u00edderes sociales y diferentes procesos juveniles.<\/p>\n<p style=\"text-align: justify;\">La plataforma es el eje articulador que permite que la juventud tenga voz y voto en los planes de desarrollo y que pueda ejercer veedur\u00eda y control pol\u00edtico a las actividades que apuntan a su desarrollo, adem\u00e1s de fomentar su participaci\u00f3n en los diferentes espacios a nivel municipal y departamental.<\/p>\n<p style=\"text-align: justify;\">La invitaci\u00f3n a los j\u00f3venes granadinos es a que asuman su lugar en estos espacios y sean parte activa de la formulaci\u00f3n y ejecuci\u00f3n de proyectos que les impacten como poblaci\u00f3n joven.<\/p>\n<p style=\"text-align: justify;\">Este a\u00f1o adem\u00e1s se actualizar\u00e1 la pol\u00edtica p\u00fablica de juventud, que se convierte en el documento gu\u00eda para el desarrollo de cada uno de los programas que proponen y sue\u00f1an los j\u00f3venes granadinos.<\/p>\n","protected":false},"excerpt":{"rendered":"<p style=\"text-align: justify;\">Cada dos a\u00f1os en los municipios se realiza la elecci\u00f3n de la plataforma de juventud municipal.<\/p>\n","protected":false},"author":1,"featured_media":0,"comment_status":"open","ping_status":"open","sticky":false,"template":"","format":"standard","meta":{"footnotes":""},"categories":[19],"tags":[],"class_list":["post-345","post","type-post","status-publish","format-standard","hentry","category-noticias"],"_links":{"self":[{"href":"https:\/\/www.desdegranada.com\/site\/index.php?rest_route=\/wp\/v2\/posts\/345","targetHints":{"allow":["GET"]}}],"collection":[{"href":"https:\/\/www.desdegranada.com\/site\/index.php?rest_route=\/wp\/v2\/posts"}],"about":[{"href":"https:\/\/www.desdegranada.com\/site\/index.php?rest_route=\/wp\/v2\/types\/post"}],"author":[{"embeddable":true,"href":"https:\/\/www.desdegranada.com\/site\/index.php?rest_route=\/wp\/v2\/users\/1"}],"replies":[{"embeddable":true,"href":"https:\/\/www.desdegranada.com\/site\/index.php?rest_route=%2Fwp%2Fv2%2Fcomments&post=345"}],"version-history":[{"count":0,"href":"https:\/\/www.desdegranada.com\/site\/index.php?rest_route=\/wp\/v2\/posts\/345\/revisions"}],"wp:attachment":[{"href":"https:\/\/www.desdegranada.com\/site\/index.php?rest_route=%2Fwp%2Fv2%2Fmedia&parent=345"}],"wp:term":[{"taxonomy":"category","embeddable":true,"href":"https:\/\/www.desdegranada.com\/site\/index.php?rest_route=%2Fwp%2Fv2%2Fcategories&post=345"},{"taxonomy":"post_tag","embeddable":true,"href":"https:\/\/www.desdegranada.com\/site\/index.php?rest_route=%2Fwp%2Fv2%2Ftags&post=345"}],"curies":[{"name":"wp","href":"https:\/\/api.w.org\/{rel}","templated":true}]}}