{"id":346,"date":"2021-02-12T14:30:43","date_gmt":"2021-02-12T14:30:43","guid":{"rendered":"https:\/\/www.desdegranada.com\/site\/?p=346"},"modified":"2021-02-12T14:30:43","modified_gmt":"2021-02-12T14:30:43","slug":"por-mantenimiento-de-redes-lunes-15-de-febrero-se-suspendera-servicio-de-energia","status":"publish","type":"post","link":"https:\/\/www.desdegranada.com\/site\/?p=346","title":{"rendered":"Por mantenimiento de redes, lunes 15 de febrero se suspender\u00e1 servicio de energ\u00eda"},"content":{"rendered":"<p style=\"text-align: justify;\">Con dicha suspensi\u00f3n se ver\u00e1n afectados los habitantes de la zona urbana del municipio y de las veredas La Mar\u00eda, Vahitos, Minitas, San Mat\u00edas, El Vergel, Las Palmas, San Esteban, La Cascada, El Roble, El Ed\u00e9n, El Tabor, Campo Alegre, Los Planes, Malpaso, Quebradona Arriba, Quebradona Abajo, Galilea, Las Faldas y La Selva.<\/p>\n<p style=\"text-align: justify;\">Para resolver inquietudes al respecto, la empresa cuenta con la l\u00ednea de atenci\u00f3n al cliente 01 8000 415 115.<\/p>\n","protected":false},"excerpt":{"rendered":"<p style=\"text-align: justify;\">Este pr\u00f3ximo 15 de febrero (lunes), Empresas P\u00fablicas de Medell\u00edn EPM, realizar\u00e1 mantenimiento a las subestaciones de energ\u00eda de Oriente y Santuario y a redes de subtransmisi\u00f3n del \u00e1rea de influencia, motivo por el cual, ser\u00e1 interrumpido el servicio de energ\u00eda en el horario de 8:30a.m a 5:30p.m.<\/p>\n","protected":false},"author":1,"featured_media":0,"comment_status":"open","ping_status":"open","sticky":false,"template":"","format":"standard","meta":{"footnotes":""},"categories":[19],"tags":[],"class_list":["post-346","post","type-post","status-publish","format-standard","hentry","category-noticias"],"_links":{"self":[{"href":"https:\/\/www.desdegranada.com\/site\/index.php?rest_route=\/wp\/v2\/posts\/346","targetHints":{"allow":["GET"]}}],"collection":[{"href":"https:\/\/www.desdegranada.com\/site\/index.php?rest_route=\/wp\/v2\/posts"}],"about":[{"href":"https:\/\/www.desdegranada.com\/site\/index.php?rest_route=\/wp\/v2\/types\/post"}],"author":[{"embeddable":true,"href":"https:\/\/www.desdegranada.com\/site\/index.php?rest_route=\/wp\/v2\/users\/1"}],"replies":[{"embeddable":true,"href":"https:\/\/www.desdegranada.com\/site\/index.php?rest_route=%2Fwp%2Fv2%2Fcomments&post=346"}],"version-history":[{"count":0,"href":"https:\/\/www.desdegranada.com\/site\/index.php?rest_route=\/wp\/v2\/posts\/346\/revisions"}],"wp:attachment":[{"href":"https:\/\/www.desdegranada.com\/site\/index.php?rest_route=%2Fwp%2Fv2%2Fmedia&parent=346"}],"wp:term":[{"taxonomy":"category","embeddable":true,"href":"https:\/\/www.desdegranada.com\/site\/index.php?rest_route=%2Fwp%2Fv2%2Fcategories&post=346"},{"taxonomy":"post_tag","embeddable":true,"href":"https:\/\/www.desdegranada.com\/site\/index.php?rest_route=%2Fwp%2Fv2%2Ftags&post=346"}],"curies":[{"name":"wp","href":"https:\/\/api.w.org\/{rel}","templated":true}]}}