{"id":347,"date":"2021-02-12T15:46:27","date_gmt":"2021-02-12T15:46:27","guid":{"rendered":"https:\/\/www.desdegranada.com\/site\/?p=347"},"modified":"2021-02-12T15:46:27","modified_gmt":"2021-02-12T15:46:27","slug":"ya-se-conocen-los-aspirantes-a-representar-a-los-estudiantes-de-inejago-en-2021","status":"publish","type":"post","link":"https:\/\/www.desdegranada.com\/site\/?p=347","title":{"rendered":"Ya se conocen los aspirantes a representar a los estudiantes de INEJAGO en 2021"},"content":{"rendered":"<p style=\"text-align: justify;\">Con todos los aspirantes, el sorteo de los n\u00fameros en el tarjet\u00f3n se realiz\u00f3 4 el de febrero y ser\u00e1 a trav\u00e9s de encuentros virtuales como los l\u00edderes estudiantiles dar\u00e1n a conocer sus programas de gobierno tanto en las sedes urbanas como rurales de INEJAGO.<\/p>\n<p style=\"text-align: justify;\"><img loading=\"lazy\" decoding=\"async\" src=\"images\/Candidatos_INEJAGO_2021_2.jpg\" width=\"750\" height=\"439\" \/><\/p>\n<p style=\"text-align: justify;\">As\u00ed est\u00e1n conformadas cada una de las f\u00f3rmulas:<\/p>\n<table style=\"width: 797px;\">\n<tbody>\n<tr>\n<td style=\"width: 66px; text-align: center;\">\n<p><strong><em># de f\u00f3rmula<\/em><\/strong><\/p>\n<\/td>\n<td style=\"width: 190px; text-align: center;\">\n<p><strong><em>Personero estudiantil<\/em><\/strong><\/p>\n<\/td>\n<td style=\"width: 319px; text-align: center;\">\n<p><strong><em>Representante de los estudiantes<\/em><\/strong><\/p>\n<\/td>\n<td style=\"width: 194px; text-align: center;\">\n<p><strong><em>Personerito<\/em><\/strong><\/p>\n<\/td>\n<\/tr>\n<tr>\n<td style=\"width: 66px; text-align: center;\">\n<p>1<\/p>\n<\/td>\n<td style=\"width: 190px; text-align: center;\">\n<p>Yancelly Alzate<\/p>\n<\/td>\n<td style=\"width: 319px; text-align: center;\">\n<p>Mildrey Quiceno<\/p>\n<\/td>\n<td style=\"width: 194px; text-align: center;\">\n<p>Laura Sof\u00eda V\u00e9lez<\/p>\n<\/td>\n<\/tr>\n<tr>\n<td style=\"width: 66px; text-align: center;\">\n<p>2<\/p>\n<\/td>\n<td style=\"width: 190px; text-align: center;\">\n<p>Alejandro restrepo<\/p>\n<\/td>\n<td style=\"width: 319px; text-align: center;\">\n<p>Kevin Estiven Mej\u00eda<\/p>\n<\/td>\n<td style=\"width: 194px; text-align: center;\">\n<p>Isabella Giraldo<\/p>\n<\/td>\n<\/tr>\n<tr>\n<td style=\"width: 66px; text-align: center;\">\n<p>3<\/p>\n<\/td>\n<td style=\"width: 190px; text-align: center;\">\n<p>Charid Michel M\u00fanera<\/p>\n<\/td>\n<td style=\"width: 319px; text-align: center;\">\n<p>Santiago Ceballos<\/p>\n<\/td>\n<td style=\"width: 194px; text-align: center;\">\n<p>Sara Giraldo<\/p>\n<\/td>\n<\/tr>\n<tr>\n<td style=\"width: 66px; text-align: center;\">\n<p>4<\/p>\n<\/td>\n<td style=\"width: 190px; text-align: center;\">\n<p>David Duque Tob\u00f3n<\/p>\n<\/td>\n<td style=\"width: 319px; text-align: center;\">\n<p>Laura Escudero<\/p>\n<\/td>\n<td style=\"width: 194px; text-align: center;\">\n<p>Valery Nicol Quintana<\/p>\n<\/td>\n<\/tr>\n<tr>\n<td style=\"width: 66px; text-align: center;\">\n<p>5<\/p>\n<\/td>\n<td style=\"width: 190px; text-align: center;\">\n<p>Claudia Milena Aristiz\u00e1bal<\/p>\n<\/td>\n<td style=\"width: 319px; text-align: center;\">\n<p>Yonier Gallego<\/p>\n<\/td>\n<td style=\"width: 194px; text-align: center;\">\n<p>Mar\u00eda Guadalupe Zuluaga<\/p>\n<\/td>\n<\/tr>\n<\/tbody>\n<\/table>\n<p style=\"text-align: justify;\"><img loading=\"lazy\" decoding=\"async\" src=\"images\/Candidatos_INEJAGO_2021_1.jpg\" alt=\"\" width=\"750\" height=\"439\" \/><\/p>\n<p style=\"text-align: justify;\">\u00a0Ser\u00e1 el d\u00eda 12 de marzo la fecha en que los estudiantes de las cinco sedes de la instituci\u00f3n definan cu\u00e1les de sus compa\u00f1eros ocupar\u00e1n dichos cargos durante el a\u00f1o 2021.<\/p>\n<p style=\"text-align: justify;\">\u00a0<\/p>\n<p><iframe loading=\"lazy\" style=\"border: none; overflow: hidden;\" src=\"https:\/\/www.facebook.com\/plugins\/video.php?height=314&amp;href=https%3A%2F%2Fwww.facebook.com%2Fgranada.stereo%2Fvideos%2F1056779964813753%2F&amp;show_text=false&amp;width=560\" width=\"560\" height=\"314\" frameborder=\"0\" scrolling=\"no\" allowfullscreen=\"allowfullscreen\"><\/iframe><\/p>\n","protected":false},"excerpt":{"rendered":"<p style=\"text-align: justify;\">Entre 15 estudiantes distribuidos en 5 f\u00f3rmulas, los j\u00f3venes de la Instituci\u00f3n Educativa Jorge Alberto G\u00f3mez elegir\u00e1n el personero, representante de los estudiantes y personerito que los representar\u00e1n a lo largo del a\u00f1o lectivo y que tendr\u00e1n la tarea de promover propuestas que fortalezcan las relaciones y mejoren el bienestar de la comunidad educativa.<\/p>\n","protected":false},"author":1,"featured_media":0,"comment_status":"open","ping_status":"open","sticky":false,"template":"","format":"standard","meta":{"footnotes":""},"categories":[19],"tags":[],"class_list":["post-347","post","type-post","status-publish","format-standard","hentry","category-noticias"],"_links":{"self":[{"href":"https:\/\/www.desdegranada.com\/site\/index.php?rest_route=\/wp\/v2\/posts\/347","targetHints":{"allow":["GET"]}}],"collection":[{"href":"https:\/\/www.desdegranada.com\/site\/index.php?rest_route=\/wp\/v2\/posts"}],"about":[{"href":"https:\/\/www.desdegranada.com\/site\/index.php?rest_route=\/wp\/v2\/types\/post"}],"author":[{"embeddable":true,"href":"https:\/\/www.desdegranada.com\/site\/index.php?rest_route=\/wp\/v2\/users\/1"}],"replies":[{"embeddable":true,"href":"https:\/\/www.desdegranada.com\/site\/index.php?rest_route=%2Fwp%2Fv2%2Fcomments&post=347"}],"version-history":[{"count":0,"href":"https:\/\/www.desdegranada.com\/site\/index.php?rest_route=\/wp\/v2\/posts\/347\/revisions"}],"wp:attachment":[{"href":"https:\/\/www.desdegranada.com\/site\/index.php?rest_route=%2Fwp%2Fv2%2Fmedia&parent=347"}],"wp:term":[{"taxonomy":"category","embeddable":true,"href":"https:\/\/www.desdegranada.com\/site\/index.php?rest_route=%2Fwp%2Fv2%2Fcategories&post=347"},{"taxonomy":"post_tag","embeddable":true,"href":"https:\/\/www.desdegranada.com\/site\/index.php?rest_route=%2Fwp%2Fv2%2Ftags&post=347"}],"curies":[{"name":"wp","href":"https:\/\/api.w.org\/{rel}","templated":true}]}}