{"id":348,"date":"2021-02-13T14:30:09","date_gmt":"2021-02-13T14:30:09","guid":{"rendered":"https:\/\/www.desdegranada.com\/site\/?p=348"},"modified":"2021-02-13T14:30:09","modified_gmt":"2021-02-13T14:30:09","slug":"inversiones-para-granada-por-mas-de-22-mil-millones-se-firmaron-en-jornadasdeacuerdos-de-gobantioquia","status":"publish","type":"post","link":"https:\/\/www.desdegranada.com\/site\/?p=348","title":{"rendered":"Inversiones para Granada por m\u00e1s de 22 mil millones se firmaron en #JornadasDeAcuerdos de GobAntioquia"},"content":{"rendered":"<p style=\"text-align: justify;\">Este viernes 12 de febrero Granada estuvo dentro del grupo de municipios agendados para participar de dicho espacio. En la jornada el Gobernador An\u00edbal Gaviria manifest\u00f3 su disposici\u00f3n y la de su equipo de trabajo para desarrollar varios proyectos que tendr\u00e1n un gran impacto en la localidad.<\/p>\n<p style=\"text-align: justify;\">Algunos de los temas prioritarios para Granada que se trataron en el encuentro, fueron el mejoramiento de la v\u00eda Granada \u2013 San Carlos y la actualizaci\u00f3n catastral, aunque se habl\u00f3 tambi\u00e9n de otros proyectos como la plaza de mercado a la que le apuesta la administraci\u00f3n municipal.<\/p>\n<p style=\"text-align: justify;\">En su intervenci\u00f3n, el mandatario Freddy Casta\u00f1o adem\u00e1s de hacer menci\u00f3n de las necesidades del municipio, resalt\u00f3 el hecho de que, en Granada, \u201cllevamos 6 a\u00f1os sin homicidios. Todos los d\u00edas trabajamos para mantener las condiciones de paz y convivencia\u201d. Igualmente, dedic\u00f3 unas palabras a reconocer el respaldo que ha tenido Granada desde la gobernaci\u00f3n \u201cagradecer siempre la disposici\u00f3n de los secretarios para acompa\u00f1ar los proyectos de nuestro municipio\u201d.<\/p>\n<p style=\"text-align: justify;\">Sobre la pavimentaci\u00f3n de la v\u00eda Granada \u2013 San Carlos, el Gobernador reiter\u00f3 su \u201ccompromiso total con la v\u00eda\u201d, mientras que el secretario resalt\u00f3 los avances en la ejecuci\u00f3n: \u00abestamos a punto de terminar la pavimentaci\u00f3n de 8.9 kil\u00f3metros y avanzamos en el proceso de contrataci\u00f3n de los kil\u00f3metros que faltan\u00bb.<\/p>\n<p style=\"text-align: justify;\">\u00abPara el proyecto de Plaza de Mercado vamos a hacer un diagn\u00f3stico con la Secretar\u00eda de Productividad y vamos a acompa\u00f1ar la estructuraci\u00f3n del proyecto\u201d, anunci\u00f3 el secretario de infraestructura Juan Pablo L\u00f3pez en cuanto al prop\u00f3sito de la administraci\u00f3n municipal de tener un espacio para la comercializaci\u00f3n de los productos de los campesinos granadinos.<\/p>\n<p style=\"text-align: justify;\"><img decoding=\"async\" src=\"images\/Jornadas_de_acuerdos.jpg\" alt=\"\" \/><\/p>\n<p style=\"text-align: justify;\">Al final, la jornada arroj\u00f3 un balance m\u00e1s que positivo para Granada, pues se logr\u00f3 la firma de un total de 32 acuerdos por m\u00e1s de 22 mil millones de pesos.<\/p>\n<p style=\"text-align: justify;\">En los primeros cuatro d\u00edas de las jornadas de acuerdos, la Gobernaci\u00f3n de Antioquia ha firmado ya m\u00e1s de 1750 acuerdos para apoyar el desarrollo de diferentes proyectos en 52 municipios por un valor superior a los 1.2 billones de cofinanciaci\u00f3n.<\/p>\n<p style=\"text-align: justify;\">\u00a0<\/p>\n<p style=\"text-align: justify;\"><iframe loading=\"lazy\" style=\"border: none; overflow: hidden;\" src=\"https:\/\/www.facebook.com\/plugins\/post.php?href=https%3A%2F%2Fwww.facebook.com%2Fanibalgaviriacorrea%2Fposts%2F4072041702856057&amp;width=500&amp;show_text=true&amp;height=746&amp;appId\" width=\"500\" height=\"746\" frameborder=\"0\" scrolling=\"no\" allowfullscreen=\"allowfullscreen\"><\/iframe><\/p>\n<p style=\"text-align: justify;\">\u00a0<\/p>\n<p><iframe loading=\"lazy\" style=\"border: none; overflow: hidden;\" src=\"https:\/\/www.facebook.com\/plugins\/post.php?href=https%3A%2F%2Fwww.facebook.com%2FGobAntioquia%2Fposts%2F3956204641078284&amp;width=500&amp;show_text=true&amp;height=727&amp;appId\" width=\"500\" height=\"727\" frameborder=\"0\" scrolling=\"no\" allowfullscreen=\"allowfullscreen\"><\/iframe><\/p>\n<p>\u00a0<\/p>\n<p><iframe loading=\"lazy\" style=\"border: none; overflow: hidden;\" src=\"https:\/\/www.facebook.com\/plugins\/video.php?height=314&amp;href=https%3A%2F%2Fwww.facebook.com%2F141664446416064%2Fvideos%2F1578809088975120%2F&amp;show_text=false&amp;width=560\" width=\"560\" height=\"314\" frameborder=\"0\" scrolling=\"no\" allowfullscreen=\"allowfullscreen\"><\/iframe><\/p>\n","protected":false},"excerpt":{"rendered":"<p style=\"text-align: justify;\">Las jornadas de acuerdos son una apuesta de la Gobernaci\u00f3n de Antioquia, en la que, de la mano de los mandatarios municipales se piensa el desarrollo del departamento y se definen diferentes proyectos de inversi\u00f3n de acuerdo a las principales necesidades de los municipios.<\/p>\n","protected":false},"author":1,"featured_media":0,"comment_status":"open","ping_status":"open","sticky":false,"template":"","format":"standard","meta":{"footnotes":""},"categories":[19],"tags":[],"class_list":["post-348","post","type-post","status-publish","format-standard","hentry","category-noticias"],"_links":{"self":[{"href":"https:\/\/www.desdegranada.com\/site\/index.php?rest_route=\/wp\/v2\/posts\/348","targetHints":{"allow":["GET"]}}],"collection":[{"href":"https:\/\/www.desdegranada.com\/site\/index.php?rest_route=\/wp\/v2\/posts"}],"about":[{"href":"https:\/\/www.desdegranada.com\/site\/index.php?rest_route=\/wp\/v2\/types\/post"}],"author":[{"embeddable":true,"href":"https:\/\/www.desdegranada.com\/site\/index.php?rest_route=\/wp\/v2\/users\/1"}],"replies":[{"embeddable":true,"href":"https:\/\/www.desdegranada.com\/site\/index.php?rest_route=%2Fwp%2Fv2%2Fcomments&post=348"}],"version-history":[{"count":0,"href":"https:\/\/www.desdegranada.com\/site\/index.php?rest_route=\/wp\/v2\/posts\/348\/revisions"}],"wp:attachment":[{"href":"https:\/\/www.desdegranada.com\/site\/index.php?rest_route=%2Fwp%2Fv2%2Fmedia&parent=348"}],"wp:term":[{"taxonomy":"category","embeddable":true,"href":"https:\/\/www.desdegranada.com\/site\/index.php?rest_route=%2Fwp%2Fv2%2Fcategories&post=348"},{"taxonomy":"post_tag","embeddable":true,"href":"https:\/\/www.desdegranada.com\/site\/index.php?rest_route=%2Fwp%2Fv2%2Ftags&post=348"}],"curies":[{"name":"wp","href":"https:\/\/api.w.org\/{rel}","templated":true}]}}