{"id":349,"date":"2021-02-13T20:14:41","date_gmt":"2021-02-13T20:14:41","guid":{"rendered":"https:\/\/www.desdegranada.com\/site\/?p=349"},"modified":"2021-02-13T20:14:41","modified_gmt":"2021-02-13T20:14:41","slug":"toma-gratuita-de-muestras-de-covid-19-proximo-sabado-20-de-febrero","status":"publish","type":"post","link":"https:\/\/www.desdegranada.com\/site\/?p=349","title":{"rendered":"Toma gratuita de muestras de covid 19 pr\u00f3ximo s\u00e1bado 20 de febrero"},"content":{"rendered":"<p style=\"text-align: justify;\">Esta es una estrategia que, de acuerdo con Estefan\u00eda Garc\u00eda Salazar, enfermera al servicio de la administraci\u00f3n municipal, \u201cpermite identificar a tiempo esas enfermedades o situaciones que pueden poner en riesgo a la poblaci\u00f3n, de igual manera hacer un reporte oportuno a los entes encargados para tomar las intervenciones o estrategias necesarias para mitigar el impacto\u201d.<\/p>\n<p style=\"text-align: justify;\">Todos los habitantes del municipio afiliados a las EPSs Savia, Nueva EPS, Sura, Sanitas, Coomeva, Coosalud y Salud Total pueden acercarse al parque educativo para realizarse la prueba.<\/p>\n<p style=\"text-align: justify;\">\u201cLa prueba es totalmente gratuita, no tiene ning\u00fan costo y aplica tanto para el r\u00e9gimen contributivo, como para el r\u00e9gimen subsidiado. Hay una persona de laboratorio encargada que viene y toma las muestras, pero ya para la notificaci\u00f3n la hace propiamente la EPS a la que el usuario corresponde\u201d, explica Estefan\u00eda.<\/p>\n<p style=\"text-align: justify;\">Durante la jornada se priorizar\u00e1n las personas mayores de 60 a\u00f1os con patolog\u00edas de base, gestantes, mayores de 70 a\u00f1os, trabajadores del hospital, alcald\u00eda y centro de bienestar del anciano; transportadores y sector turismo y hotelero.<\/p>\n<p style=\"text-align: justify;\">\u00a0<\/p>\n<p><iframe loading=\"lazy\" style=\"border: none; overflow: hidden;\" src=\"https:\/\/www.facebook.com\/plugins\/video.php?height=314&amp;href=https%3A%2F%2Fwww.facebook.com%2F323211694714517%2Fvideos%2F159552069314500%2F&amp;show_text=false&amp;width=560\" width=\"560\" height=\"314\" frameborder=\"0\" scrolling=\"no\" allowfullscreen=\"allowfullscreen\"><\/iframe><\/p>\n","protected":false},"excerpt":{"rendered":"<p style=\"text-align: justify;\">A partir de las 8:00a.m del s\u00e1bado 20 de febrero, se tendr\u00e1 en Granada una jornada de toma de muestras para covid 19 en un ejercicio denominado \u2018b\u00fasqueda activa comunitaria\u2019.<\/p>\n","protected":false},"author":1,"featured_media":0,"comment_status":"open","ping_status":"open","sticky":false,"template":"","format":"standard","meta":{"footnotes":""},"categories":[19],"tags":[],"class_list":["post-349","post","type-post","status-publish","format-standard","hentry","category-noticias"],"_links":{"self":[{"href":"https:\/\/www.desdegranada.com\/site\/index.php?rest_route=\/wp\/v2\/posts\/349","targetHints":{"allow":["GET"]}}],"collection":[{"href":"https:\/\/www.desdegranada.com\/site\/index.php?rest_route=\/wp\/v2\/posts"}],"about":[{"href":"https:\/\/www.desdegranada.com\/site\/index.php?rest_route=\/wp\/v2\/types\/post"}],"author":[{"embeddable":true,"href":"https:\/\/www.desdegranada.com\/site\/index.php?rest_route=\/wp\/v2\/users\/1"}],"replies":[{"embeddable":true,"href":"https:\/\/www.desdegranada.com\/site\/index.php?rest_route=%2Fwp%2Fv2%2Fcomments&post=349"}],"version-history":[{"count":0,"href":"https:\/\/www.desdegranada.com\/site\/index.php?rest_route=\/wp\/v2\/posts\/349\/revisions"}],"wp:attachment":[{"href":"https:\/\/www.desdegranada.com\/site\/index.php?rest_route=%2Fwp%2Fv2%2Fmedia&parent=349"}],"wp:term":[{"taxonomy":"category","embeddable":true,"href":"https:\/\/www.desdegranada.com\/site\/index.php?rest_route=%2Fwp%2Fv2%2Fcategories&post=349"},{"taxonomy":"post_tag","embeddable":true,"href":"https:\/\/www.desdegranada.com\/site\/index.php?rest_route=%2Fwp%2Fv2%2Ftags&post=349"}],"curies":[{"name":"wp","href":"https:\/\/api.w.org\/{rel}","templated":true}]}}