{"id":350,"date":"2021-02-20T13:47:47","date_gmt":"2021-02-20T13:47:47","guid":{"rendered":"https:\/\/www.desdegranada.com\/site\/?p=350"},"modified":"2021-02-20T13:47:47","modified_gmt":"2021-02-20T13:47:47","slug":"yadier-felipe-un-ejemplo-de-perseverancia-y-de-amor-por-su-padre-y-por-su-tierra","status":"publish","type":"post","link":"https:\/\/www.desdegranada.com\/site\/?p=350","title":{"rendered":"Yadier Felipe, un ejemplo de perseverancia y de amor por su padre y por su tierra"},"content":{"rendered":"<p style=\"text-align: justify;\">Yadier realiz\u00f3 sus estudios de primaria en la Escuela Jes\u00fas Mar\u00eda Yepes y posteriormente, la secundaria en la Instituci\u00f3n Educativa Jorge Alberto G\u00f3mez, donde se enfrent\u00f3 al rechazo y la discriminaci\u00f3n de algunos compa\u00f1eros.<\/p>\n<p style=\"text-align: justify;\">\u201cEn esos intermedios de estudio estuve sufriendo de mucho bullying por lo que mi pap\u00e1 es discapacitado, pero siempre segu\u00ed adelante hasta que pude cursar el grado once y as\u00ed lograr con \u00e9xitos y honores mi bachillerato\u201d, expresa. Y pensando en seguirse formando se present\u00f3 a la universidad: \u201cme present\u00e9 dos veces a la Universidad de Antioquia. Primero para odontolog\u00eda, se presentaron m\u00e1s de cinco mil personas y pasaban cincuenta; dentro de esas cinco mil personas yo qued\u00e9 en el ciento tres. Segu\u00ed perseverando, luego me present\u00e9 a licenciatura en filosof\u00eda y se presentaron m\u00e1s de seiscientas personas, pasaban como 84 personas y qued\u00e9 de ciento dos\u201d.<\/p>\n<p style=\"text-align: justify;\"><img decoding=\"async\" src=\"images\/Yadier_0.jpg\" alt=\"\" \/><\/p>\n<p style=\"text-align: justify;\">A mediados del a\u00f1o 2015, Yadier apost\u00f3 por crear su propia empresa a la que llam\u00f3 Dekoempaques, luego junto con su mam\u00e1 y su hermano proyectaron la compra de un lote para construir y lo lograron, aunque hoy los acompa\u00f1an muchas deudas que est\u00e1n pagando con la ayuda de una panader\u00eda que montaron en el primer nivel de la construcci\u00f3n.<\/p>\n<p style=\"text-align: justify;\">\u201cYo confeccionaba cajitas y bolsas de regalo, diarios para 15s, anchetas y esto me empez\u00f3 a generar ingresos, pero con lo de la pandemia se me fue dificultando el trabajo, entonces empezamos un emprendimiento con mi mam\u00e1, hace m\u00e1s o menos tres a\u00f1os, de hacernos a una casita para irla pagando. Empezamos con pr\u00e9stamos y yo estuve ayud\u00e1ndole a los oficiales parando las columnas, haciendo vaciados. La edificaci\u00f3n est\u00e1 ya demasiado avanzada y los pr\u00e9stamos yo s\u00e9 que con la ayuda de Dios la vamos a ir pagando\u201d.<\/p>\n<p style=\"text-align: justify;\"><img loading=\"lazy\" decoding=\"async\" src=\"images\/Yadier_1.jpg\" alt=\"\" width=\"750\" height=\"439\" \/><\/p>\n<p style=\"text-align: justify;\">A d\u00eda de hoy, Yadier labora con su mam\u00e1 en la panader\u00eda, le ayuda en la producci\u00f3n de la parva y en la administraci\u00f3n del negocio, a partir del cual pretenden mejorar sus ingresos y, en el futuro, emplear a otras personas. \u201cAqu\u00ed el d\u00eda a d\u00eda en la panader\u00eda, mi mam\u00e1 empieza por ah\u00ed a las 5: 30a.m, hace unas tortas que toca dejarlas en proceso, luego armamos panes. En estos momentos, manejamos por encargos\u201d.<\/p>\n<p style=\"text-align: justify;\"><img loading=\"lazy\" decoding=\"async\" src=\"images\/Yadier_2.jpg\" alt=\"\" width=\"750\" height=\"439\" \/><\/p>\n<p style=\"text-align: justify;\">La actividad f\u00edsica tambi\u00e9n le apasiona: \u201cyo el gimnasio llevo desempe\u00f1\u00e1ndolo desde el a\u00f1o 2014, siempre he ido constantemente porque es un ejercicio que me ayuda mucho para la depresi\u00f3n, para alejarme de los vicios y tambi\u00e9n para tener m\u00e1s alta la autoestima. El gimnasio me ayuda demasiado, siempre ha sido importante y seguir\u00e1 siendo importante porque es un motivo de uno seguir adelante\u201d.<\/p>\n<p style=\"text-align: justify;\">Un hecho de admirar en Yadier Felipe es la cercan\u00eda y el amor que profesa por su padre Nelson Dar\u00edo L\u00f3pez G\u00f3mez, quien padece una esquizofrenia paranoide, y del que se mantiene pendiente en todo momento. Est\u00e1 atento ante sus necesidades de alimento o medicamentos y hasta juega con \u00e9l como si fueran dos ni\u00f1os. Constantemente le demuestra su cari\u00f1o y gratitud.<\/p>\n<p style=\"text-align: justify;\"><img decoding=\"async\" src=\"images\/Yadier_3.jpg\" alt=\"\" \/><\/p>\n<p style=\"text-align: justify;\">\u00c9l lo describe como \u201cuna persona que yo admiro demasiado porque s\u00e9 que cuando estuvo en su \u00e9poca aliviadito, fue una persona trabajadora, responsable con la familia y vel\u00f3 por sus hijos hasta donde pudo\u201d, y agrega \u201ces el mejor pap\u00e1 del mundo y lo volver\u00eda a escoger cinco mil veces si Jes\u00fas me diera la oportunidad, refleja mucho los sentimientos hacia m\u00ed y hacia las personas que lo rodean. Es la persona m\u00e1s maravillosa que yo tengo, me da cari\u00f1o y energ\u00eda para seguir adelante\u201d.<\/p>\n<p style=\"text-align: justify;\">Al hablar de su pueblo, a Yadier se le siente en cada palabra el orgullo y cari\u00f1o que siente por su tierra. \u201cGranada, Antioquia, a pesar de la guerra es un pueblo valiente, que ha sabido salir adelante de las tempestades m\u00e1s oscuras. Donde tuviera la oportunidad de hablar con Dios, le dir\u00eda que muchas gracias por dejarme ser granadino\u201d.<\/p>\n<p style=\"text-align: justify;\">Los prop\u00f3sitos m\u00e1s cercanos de este joven emprendedor pasan principalmente por darle bienestar a quienes lo rodean, especialmente sus padres, a quienes siente, les debe lo que es.<\/p>\n<p style=\"text-align: justify;\">\u201cMi sue\u00f1o es que mi pap\u00e1 tenga una vida digna, de que est\u00e9 con mejores condiciones y en mejores cuidados con m\u00e9dicos. Mi futuro tambi\u00e9n es que mi mam\u00e1 deje de trabajar para yo quedarme a administrar el negocio y que ella se siente a disfrutar de la vida\u201d.<\/p>\n<p style=\"text-align: justify;\"><iframe loading=\"lazy\" src=\"\/\/www.youtube.com\/embed\/Ohn36BdhnWM\" width=\"560\" height=\"314\" allowfullscreen=\"allowfullscreen\"><\/iframe><\/p>\n<p>\u00a0<\/p>\n<p>\u00a0<\/p>\n<p>\u00a0<\/p>\n<p>\u00a0<\/p>\n<p>\u00a0<\/p>\n<p>\u00a0<\/p>\n","protected":false},"excerpt":{"rendered":"<p style=\"text-align: justify;\">Iniciar un proyecto. Otro m\u00e1s. Volver a empezar uno diferente sin renunciar a su deseo de realizar algo que le aporte a crecer como persona y que le ayude a mejorar las condiciones de vida de su familia, ha sido siempre, tras terminar sus estudios de secundaria, la motivaci\u00f3n de Yadier Felipe L\u00f3pez Hoyos a la hora de proyectar su vida, y es precisamente esa persistencia la que convierte a este joven de 25 a\u00f1os en un ejemplo para muchas personas.<\/p>\n","protected":false},"author":1,"featured_media":0,"comment_status":"open","ping_status":"open","sticky":false,"template":"","format":"standard","meta":{"footnotes":""},"categories":[20],"tags":[],"class_list":["post-350","post","type-post","status-publish","format-standard","hentry","category-columnistas"],"_links":{"self":[{"href":"https:\/\/www.desdegranada.com\/site\/index.php?rest_route=\/wp\/v2\/posts\/350","targetHints":{"allow":["GET"]}}],"collection":[{"href":"https:\/\/www.desdegranada.com\/site\/index.php?rest_route=\/wp\/v2\/posts"}],"about":[{"href":"https:\/\/www.desdegranada.com\/site\/index.php?rest_route=\/wp\/v2\/types\/post"}],"author":[{"embeddable":true,"href":"https:\/\/www.desdegranada.com\/site\/index.php?rest_route=\/wp\/v2\/users\/1"}],"replies":[{"embeddable":true,"href":"https:\/\/www.desdegranada.com\/site\/index.php?rest_route=%2Fwp%2Fv2%2Fcomments&post=350"}],"version-history":[{"count":0,"href":"https:\/\/www.desdegranada.com\/site\/index.php?rest_route=\/wp\/v2\/posts\/350\/revisions"}],"wp:attachment":[{"href":"https:\/\/www.desdegranada.com\/site\/index.php?rest_route=%2Fwp%2Fv2%2Fmedia&parent=350"}],"wp:term":[{"taxonomy":"category","embeddable":true,"href":"https:\/\/www.desdegranada.com\/site\/index.php?rest_route=%2Fwp%2Fv2%2Fcategories&post=350"},{"taxonomy":"post_tag","embeddable":true,"href":"https:\/\/www.desdegranada.com\/site\/index.php?rest_route=%2Fwp%2Fv2%2Ftags&post=350"}],"curies":[{"name":"wp","href":"https:\/\/api.w.org\/{rel}","templated":true}]}}