{"id":353,"date":"2021-02-27T14:48:57","date_gmt":"2021-02-27T14:48:57","guid":{"rendered":"https:\/\/www.desdegranada.com\/site\/?p=353"},"modified":"2021-02-27T14:48:57","modified_gmt":"2021-02-27T14:48:57","slug":"granada-recibio-primeras-75-vacunas-contra-el-covid-19","status":"publish","type":"post","link":"https:\/\/www.desdegranada.com\/site\/?p=353","title":{"rendered":"Granada recibi\u00f3 primeras 75 vacunas contra el covid 19"},"content":{"rendered":"<p>\u00a0<iframe loading=\"lazy\" style=\"border: none; overflow: hidden;\" src=\"https:\/\/www.facebook.com\/plugins\/post.php?href=https%3A%2F%2Fwww.facebook.com%2Fanibalgaviriacorrea%2Fposts%2F4115609038499323&amp;width=500&amp;show_text=true&amp;height=664&amp;appId\" width=\"500\" height=\"664\" frameborder=\"0\" scrolling=\"no\" allowfullscreen=\"allowfullscreen\"><\/iframe><\/p>\n<p>Son en principio 75 dosis que ser\u00e1n destinadas a \u201cvacunar personal de salud de primera l\u00ednea y algunos adultos mayores de 80 a\u00f1os del centro de bienestar del anciano\u201d, dijo Estefan\u00eda Garc\u00eda Salazar, enfermera de la Direcci\u00f3n Local de Salud.<\/p>\n<p style=\"text-align: justify;\">Freddy Casta\u00f1o Aristiz\u00e1bal, mandatario local, public\u00f3 tambi\u00e9n en sus redes un mensaje de agradecimiento dirigido al presidente de la rep\u00fablica, el gobernador y el mi misterio de salud por su gesti\u00f3n para lograr las primeras dosis para el municipio.<\/p>\n<p style=\"text-align: justify;\"><iframe loading=\"lazy\" style=\"border: none; overflow: hidden;\" src=\"https:\/\/www.facebook.com\/plugins\/post.php?href=https%3A%2F%2Fwww.facebook.com%2Ffreddy.c.aristizabal%2Fposts%2F10225830884497999&amp;width=500&amp;show_text=true&amp;height=608&amp;appId\" width=\"500\" height=\"608\" frameborder=\"0\" scrolling=\"no\" allowfullscreen=\"allowfullscreen\"><\/iframe><\/p>\n<p style=\"text-align: justify;\">Desde el lunes 1 de marzo se dar\u00e1 inicio a la distribuci\u00f3n de estas 75 vacunas a la poblaci\u00f3n priorizada en el Hospital Padre Clemente Giraldo, con el prop\u00f3sito de hacer un seguimiento cercano a las reacciones que puedan tener los pacientes.<\/p>\n<p style=\"text-align: justify;\">En todo el departamento de Antioquia, son ya m\u00e1s de 10.000 las personas vacunadas contra el covid 19.<\/p>\n","protected":false},"excerpt":{"rendered":"<p style=\"text-align: justify;\">Este viernes 26 de febrero, a trav\u00e9s de sus redes sociales, el Gobernador de Antioquia An\u00edbal Gaviria Correa, anunci\u00f3 que Granada est\u00e1 dentro de los 98 municipios del departamento que ya han recibido las primeras vacunas contra el covid 19.<\/p>\n","protected":false},"author":1,"featured_media":0,"comment_status":"open","ping_status":"open","sticky":false,"template":"","format":"standard","meta":{"footnotes":""},"categories":[19],"tags":[],"class_list":["post-353","post","type-post","status-publish","format-standard","hentry","category-noticias"],"_links":{"self":[{"href":"https:\/\/www.desdegranada.com\/site\/index.php?rest_route=\/wp\/v2\/posts\/353","targetHints":{"allow":["GET"]}}],"collection":[{"href":"https:\/\/www.desdegranada.com\/site\/index.php?rest_route=\/wp\/v2\/posts"}],"about":[{"href":"https:\/\/www.desdegranada.com\/site\/index.php?rest_route=\/wp\/v2\/types\/post"}],"author":[{"embeddable":true,"href":"https:\/\/www.desdegranada.com\/site\/index.php?rest_route=\/wp\/v2\/users\/1"}],"replies":[{"embeddable":true,"href":"https:\/\/www.desdegranada.com\/site\/index.php?rest_route=%2Fwp%2Fv2%2Fcomments&post=353"}],"version-history":[{"count":0,"href":"https:\/\/www.desdegranada.com\/site\/index.php?rest_route=\/wp\/v2\/posts\/353\/revisions"}],"wp:attachment":[{"href":"https:\/\/www.desdegranada.com\/site\/index.php?rest_route=%2Fwp%2Fv2%2Fmedia&parent=353"}],"wp:term":[{"taxonomy":"category","embeddable":true,"href":"https:\/\/www.desdegranada.com\/site\/index.php?rest_route=%2Fwp%2Fv2%2Fcategories&post=353"},{"taxonomy":"post_tag","embeddable":true,"href":"https:\/\/www.desdegranada.com\/site\/index.php?rest_route=%2Fwp%2Fv2%2Ftags&post=353"}],"curies":[{"name":"wp","href":"https:\/\/api.w.org\/{rel}","templated":true}]}}