{"id":354,"date":"2021-03-01T15:37:20","date_gmt":"2021-03-01T15:37:20","guid":{"rendered":"https:\/\/www.desdegranada.com\/site\/?p=354"},"modified":"2021-03-01T15:37:20","modified_gmt":"2021-03-01T15:37:20","slug":"con-personal-de-salud-inicio-proceso-de-vacunacion-contra-el-covid-19-en-granada","status":"publish","type":"post","link":"https:\/\/www.desdegranada.com\/site\/?p=354","title":{"rendered":"Con personal de salud inici\u00f3 proceso de vacunaci\u00f3n contra el covid 19 en Granada"},"content":{"rendered":"","protected":false},"excerpt":{"rendered":"<p style=\"text-align: justify;\">Eneida Palacios, vacunadora de la ESE Hospital Padre Clemente Giraldo de Granada, fue la primera de todos los empleados de la salud en recibir la vacuna contra el covid 19 en la primera jornada que tuvo lugar este lunes en horas de la ma\u00f1ana en las instalaciones del hospital.<\/p>\n<p style=\"text-align: justify;\">Con la presencia de las autoridades municipales y el personal de salud del hospital y la Direcci\u00f3n Local de Salud, inici\u00f3 este momento hist\u00f3rico, a partir del cual se da apertura al proceso de inmunizaci\u00f3n contra el coronavirus en la localidad.<\/p>\n<p style=\"text-align: justify;\"><img decoding=\"async\" src=\"images\/Inicio_vacunacin_covid_19_2.jpg\" alt=\"\" \/><\/p>\n<p style=\"text-align: justify;\">\u201cMe siento hiper feliz de iniciar este proceso porque hoy m\u00e1s que nunca, las vacunas son dosis de vida, dosis de esperanza para mucha gente. Nosotros somos unos privilegiados que hoy vamos a iniciar este proceso y esperamos que con la ayuda de Dios nos vaya superbi\u00e9n a todos\u201d, expres\u00f3 Eneida previo a recibir la primera dosis de la vacuna SINOVAC.\u00a0<\/p>\n<p style=\"text-align: justify;\"><iframe loading=\"lazy\" style=\"border: none; overflow: hidden;\" src=\"https:\/\/www.facebook.com\/plugins\/post.php?href=https%3A%2F%2Fwww.facebook.com%2Fgranada.stereo%2Fposts%2F1855350277957256&amp;width=500&amp;show_text=true&amp;height=727&amp;appId\" width=\"500\" height=\"727\" frameborder=\"0\" scrolling=\"no\" allowfullscreen=\"allowfullscreen\"><\/iframe><\/p>\n<p style=\"text-align: justify;\">A lo dicho por Eneida, el alcalde municipal Freddy Casta\u00f1o agreg\u00f3: \u201cvemos con esperanza todo este proceso que es muy importante, el cual va a implicar una cantidad de esfuerzos y voluntades principalmente del Hospital Padre Clemente Giraldo y claro est\u00e1 con todos los dem\u00e1s actores aqu\u00ed en nuestro municipio encargados de este trabajo\u201d.<\/p>\n<p style=\"text-align: justify;\">Ma\u00f1ana el proceso continuar\u00e1 en el Centro de Bienestar del Anciano San Jos\u00e9 y posteriormente con algunos de los adultos mayores de 80 a\u00f1os que est\u00e1n priorizados en el plan de vacunaci\u00f3n.\u00a0De acuerdo a los datos reportados por el SISB\u00c9N, en Granada se tiene proyectado llegar con la vacuna a cerca de ocho mil quinientas personas.<\/p>\n<p style=\"text-align: justify;\">En las pr\u00f3ximas semanas se espera la llegada de nuevas dosis de vacunas a la localidad para dar continuidad al plan de vacunaci\u00f3n y dar cobertura a toda la poblaci\u00f3n priorizada en esta primera fase. Eso s\u00ed, todo ello depende de la disponibilidad que se tenga desde el Ministerio de Salud.\u00a0<\/p>\n<p><iframe loading=\"lazy\" style=\"border: none; overflow: hidden;\" src=\"https:\/\/www.facebook.com\/plugins\/video.php?height=314&amp;href=https%3A%2F%2Fwww.facebook.com%2Fgranada.stereo%2Fvideos%2F2897139470533486%2F&amp;show_text=false&amp;width=560\" width=\"560\" height=\"314\" frameborder=\"0\" scrolling=\"no\" allowfullscreen=\"allowfullscreen\"><\/iframe><\/p>\n","protected":false},"author":1,"featured_media":0,"comment_status":"open","ping_status":"open","sticky":false,"template":"","format":"standard","meta":{"footnotes":""},"categories":[19],"tags":[],"class_list":["post-354","post","type-post","status-publish","format-standard","hentry","category-noticias"],"_links":{"self":[{"href":"https:\/\/www.desdegranada.com\/site\/index.php?rest_route=\/wp\/v2\/posts\/354","targetHints":{"allow":["GET"]}}],"collection":[{"href":"https:\/\/www.desdegranada.com\/site\/index.php?rest_route=\/wp\/v2\/posts"}],"about":[{"href":"https:\/\/www.desdegranada.com\/site\/index.php?rest_route=\/wp\/v2\/types\/post"}],"author":[{"embeddable":true,"href":"https:\/\/www.desdegranada.com\/site\/index.php?rest_route=\/wp\/v2\/users\/1"}],"replies":[{"embeddable":true,"href":"https:\/\/www.desdegranada.com\/site\/index.php?rest_route=%2Fwp%2Fv2%2Fcomments&post=354"}],"version-history":[{"count":0,"href":"https:\/\/www.desdegranada.com\/site\/index.php?rest_route=\/wp\/v2\/posts\/354\/revisions"}],"wp:attachment":[{"href":"https:\/\/www.desdegranada.com\/site\/index.php?rest_route=%2Fwp%2Fv2%2Fmedia&parent=354"}],"wp:term":[{"taxonomy":"category","embeddable":true,"href":"https:\/\/www.desdegranada.com\/site\/index.php?rest_route=%2Fwp%2Fv2%2Fcategories&post=354"},{"taxonomy":"post_tag","embeddable":true,"href":"https:\/\/www.desdegranada.com\/site\/index.php?rest_route=%2Fwp%2Fv2%2Ftags&post=354"}],"curies":[{"name":"wp","href":"https:\/\/api.w.org\/{rel}","templated":true}]}}