{"id":355,"date":"2021-03-02T17:01:00","date_gmt":"2021-03-02T17:01:00","guid":{"rendered":"https:\/\/www.desdegranada.com\/site\/?p=355"},"modified":"2021-03-02T17:01:00","modified_gmt":"2021-03-02T17:01:00","slug":"granada-y-santa-ana-recibiran-la-visita-de-monsenor-fidel-leon-cadavid","status":"publish","type":"post","link":"https:\/\/www.desdegranada.com\/site\/?p=355","title":{"rendered":"Granada y Santa Ana recibir\u00e1n la visita de Monse\u00f1or Fidel Le\u00f3n Cadavid"},"content":{"rendered":"<p style=\"text-align: justify;\">La apertura de este evento estar\u00e1 a cargo de Monse\u00f1or Fidel a partir de las 12:00 m. del 11 de marzo con la celebraci\u00f3n de la Eucarist\u00eda en el templo parroquial.<\/p>\n<p style=\"text-align: justify;\">\u201cLa visita pastoral es una bendici\u00f3n de Dios. Es el padre y pastor de la Di\u00f3cesis que viene a mirar sus ovejas, el desempe\u00f1o pastoral de todos y ese caminar hacia el reba\u00f1o eterno del cielo\u201d, dijo al anunciar la visita en la eucarist\u00eda dominical el p\u00e1rroco Sergio Augusto Botero Duque.<\/p>\n<p style=\"text-align: justify;\">Encuentro con los sacerdotes y religiosas, el alcalde municipal, los maestros, personal de salud, miembros de movimientos apost\u00f3licos y animadores de la liturgia, hacen parte de la agenda de que se desarrollar\u00e1 durante estos tres d\u00edas con el prop\u00f3sito de integrar a la parroquia con la Di\u00f3cesis y generar espacios de formaci\u00f3n.<\/p>\n<p style=\"text-align: justify;\">Dentro de la visita del obispo y las distintas delegaciones de la curia, se tendr\u00e1 tambi\u00e9n el s\u00e1bado 13 de marzo el encuentro y reuni\u00f3n de pastoral juvenil de la vicar\u00eda la Inmaculada Concepci\u00f3n, en el que j\u00f3venes l\u00edderes de la pastoral juvenil se reunir\u00e1n y conversar\u00e1n con los sacerdotes acerca de su misi\u00f3n de evangelizaci\u00f3n y el papel de los j\u00f3venes en la construcci\u00f3n de sociedad.<\/p>\n<p style=\"text-align: justify;\">\u00a0<img decoding=\"async\" src=\"images\/visita_obispo_2.jpg\" alt=\"\" \/><\/p>\n<p style=\"text-align: justify;\">Esta es la programaci\u00f3n:<\/p>\n<p style=\"text-align: justify;\"><img loading=\"lazy\" decoding=\"async\" src=\"images\/Visita_obispo.png\" width=\"652\" height=\"800\" \/><\/p>\n","protected":false},"excerpt":{"rendered":"<p style=\"text-align: justify;\">\u201cVamos a visitar los hermanos\u201d es un espacio de encuentro promovido por la Di\u00f3cesis de Sons\u00f3n \u2013 Rionegro y que los d\u00edas 11, 12 y 13 de marzo, llegar\u00e1 con la visita del Obispo Monse\u00f1or Fidel Le\u00f3n Cadavid Mar\u00edn y delegados de los diferentes grupos apost\u00f3licos a la Parroquia Santa B\u00e1rbara, de Granada y la Parroquia Santa Ana, del corregimiento Santa Ana de nuestro municipio.<\/p>\n","protected":false},"author":1,"featured_media":0,"comment_status":"open","ping_status":"open","sticky":false,"template":"","format":"standard","meta":{"footnotes":""},"categories":[19],"tags":[],"class_list":["post-355","post","type-post","status-publish","format-standard","hentry","category-noticias"],"_links":{"self":[{"href":"https:\/\/www.desdegranada.com\/site\/index.php?rest_route=\/wp\/v2\/posts\/355","targetHints":{"allow":["GET"]}}],"collection":[{"href":"https:\/\/www.desdegranada.com\/site\/index.php?rest_route=\/wp\/v2\/posts"}],"about":[{"href":"https:\/\/www.desdegranada.com\/site\/index.php?rest_route=\/wp\/v2\/types\/post"}],"author":[{"embeddable":true,"href":"https:\/\/www.desdegranada.com\/site\/index.php?rest_route=\/wp\/v2\/users\/1"}],"replies":[{"embeddable":true,"href":"https:\/\/www.desdegranada.com\/site\/index.php?rest_route=%2Fwp%2Fv2%2Fcomments&post=355"}],"version-history":[{"count":0,"href":"https:\/\/www.desdegranada.com\/site\/index.php?rest_route=\/wp\/v2\/posts\/355\/revisions"}],"wp:attachment":[{"href":"https:\/\/www.desdegranada.com\/site\/index.php?rest_route=%2Fwp%2Fv2%2Fmedia&parent=355"}],"wp:term":[{"taxonomy":"category","embeddable":true,"href":"https:\/\/www.desdegranada.com\/site\/index.php?rest_route=%2Fwp%2Fv2%2Fcategories&post=355"},{"taxonomy":"post_tag","embeddable":true,"href":"https:\/\/www.desdegranada.com\/site\/index.php?rest_route=%2Fwp%2Fv2%2Ftags&post=355"}],"curies":[{"name":"wp","href":"https:\/\/api.w.org\/{rel}","templated":true}]}}