{"id":357,"date":"2021-03-05T16:06:09","date_gmt":"2021-03-05T16:06:09","guid":{"rendered":"https:\/\/www.desdegranada.com\/site\/?p=357"},"modified":"2021-03-05T16:06:09","modified_gmt":"2021-03-05T16:06:09","slug":"parroquia-realiza-mantenimiento-a-escanos-para-ser-llevados-de-nuevo-al-templo","status":"publish","type":"post","link":"https:\/\/www.desdegranada.com\/site\/?p=357","title":{"rendered":"Parroquia realiza mantenimiento a esca\u00f1os para ser llevados de nuevo al templo"},"content":{"rendered":"<p style=\"text-align: justify;\">\u201cUn a\u00f1o despu\u00e9s, estas bancas est\u00e1n siendo intervenidas, se est\u00e1n adecuando y haci\u00e9ndoles mantenimiento para regresarlas a nuestro templo\u201d. De esta manera, fue como la parroquia Santa B\u00e1rbara a trav\u00e9s de la red social facebook, inform\u00f3 sobre la intervenci\u00f3n a la que est\u00e1n siendo sometidas las 60 bancas del templo.<\/p>\n<p style=\"text-align: justify;\">Fue exactamente en el mes de mayo de 2020 cuando con la autorizaci\u00f3n de abrir nuevamente los templos, se vio la necesidad de ubicar sillas individuales con el distanciamiento exigido para poder permitir el ingreso de fieles a las celebraciones lit\u00fargicas, por lo que el p\u00e1rroco Sergio Augusto Botero decidi\u00f3 trasladar los esca\u00f1os hasta el sal\u00f3n parroquial para almacenarlos.<\/p>\n<p style=\"text-align: justify;\"><img decoding=\"async\" src=\"images\/Bancas_templo_parroquial.jpg\" alt=\"\" \/><\/p>\n<p style=\"text-align: justify;\">El proceso de mantenimiento tiene un costo cercano a los cuatro millones de pesos y ya algunas personas de la comunidad se han acercado hasta los sacerdotes con la intenci\u00f3n de ayudar a financiar esta labor.<\/p>\n<p style=\"text-align: justify;\">Se espera que entrada la \u00faltima semana del mes de marzo las bancas est\u00e9n listas para ser llevadas de nuevo al templo. En cada una se ubicar\u00e1n de a tres personas, esto a\u00fan sin saber si la celebraci\u00f3n de la semana santa se realizar\u00e1 con presencia de feligreses.\u00a0<\/p>\n<p><iframe loading=\"lazy\" style=\"border: none; overflow: hidden;\" src=\"https:\/\/www.facebook.com\/plugins\/post.php?href=https%3A%2F%2Fwww.facebook.com%2Fpermalink.php%3Fstory_fbid%3D257552182594605%26id%3D109610274055464&amp;width=500&amp;show_text=true&amp;height=803&amp;appId\" width=\"500\" height=\"803\" frameborder=\"0\" scrolling=\"no\" allowfullscreen=\"allowfullscreen\"><\/iframe><\/p>\n","protected":false},"excerpt":{"rendered":"<p style=\"text-align: justify;\">Las bancas o esca\u00f1os que previo a la llegada del virus del covid 19 estaban dispuestas en el templo parroquial para recibir a cientos de fieles en cada ceremonia religiosa, y que debieron ser acopiadas en el sal\u00f3n parroquial debido a la pandemia y la posterior reapertura con protocolos de bioseguridad pasan ahora por un proceso de adecuaci\u00f3n, pues por el desuso y la humedad se estaban empezando a deteriorar.<\/p>\n","protected":false},"author":1,"featured_media":0,"comment_status":"open","ping_status":"open","sticky":false,"template":"","format":"standard","meta":{"footnotes":""},"categories":[19],"tags":[],"class_list":["post-357","post","type-post","status-publish","format-standard","hentry","category-noticias"],"_links":{"self":[{"href":"https:\/\/www.desdegranada.com\/site\/index.php?rest_route=\/wp\/v2\/posts\/357","targetHints":{"allow":["GET"]}}],"collection":[{"href":"https:\/\/www.desdegranada.com\/site\/index.php?rest_route=\/wp\/v2\/posts"}],"about":[{"href":"https:\/\/www.desdegranada.com\/site\/index.php?rest_route=\/wp\/v2\/types\/post"}],"author":[{"embeddable":true,"href":"https:\/\/www.desdegranada.com\/site\/index.php?rest_route=\/wp\/v2\/users\/1"}],"replies":[{"embeddable":true,"href":"https:\/\/www.desdegranada.com\/site\/index.php?rest_route=%2Fwp%2Fv2%2Fcomments&post=357"}],"version-history":[{"count":0,"href":"https:\/\/www.desdegranada.com\/site\/index.php?rest_route=\/wp\/v2\/posts\/357\/revisions"}],"wp:attachment":[{"href":"https:\/\/www.desdegranada.com\/site\/index.php?rest_route=%2Fwp%2Fv2%2Fmedia&parent=357"}],"wp:term":[{"taxonomy":"category","embeddable":true,"href":"https:\/\/www.desdegranada.com\/site\/index.php?rest_route=%2Fwp%2Fv2%2Fcategories&post=357"},{"taxonomy":"post_tag","embeddable":true,"href":"https:\/\/www.desdegranada.com\/site\/index.php?rest_route=%2Fwp%2Fv2%2Ftags&post=357"}],"curies":[{"name":"wp","href":"https:\/\/api.w.org\/{rel}","templated":true}]}}