{"id":358,"date":"2021-03-06T16:12:39","date_gmt":"2021-03-06T16:12:39","guid":{"rendered":"https:\/\/www.desdegranada.com\/site\/?p=358"},"modified":"2021-03-06T16:12:39","modified_gmt":"2021-03-06T16:12:39","slug":"59-adultos-mayores-y-16-funcionarios-de-la-salud-primeros-inmunizados-contra-el-covid-19-en-granada","status":"publish","type":"post","link":"https:\/\/www.desdegranada.com\/site\/?p=358","title":{"rendered":"59 adultos mayores y 16 funcionarios de la salud, primeros inmunizados contra el covid 19 en Granada"},"content":{"rendered":"<p style=\"text-align: justify;\">16 funcionarios de la salud de primera l\u00ednea, 9 abuelos del Centro de Bienestar del Anciano San Jos\u00e9 y 50 adultos mayores de 80 a\u00f1os previamente priorizados, fueron los primeros inmunizados en las jornadas que iniciaron el lunes primero de marzo y se prolongaron durante toda la semana.<\/p>\n<p style=\"text-align: justify;\"><img decoding=\"async\" src=\"images\/Balance_vacunacin_covid_19-2.jpg\" alt=\"\" \/><\/p>\n<p style=\"text-align: justify;\">Seg\u00fan Estefan\u00eda Garc\u00eda Salazar, enfermera de la Direcci\u00f3n Local de Salud \u201clas personas superbi\u00e9n, ninguna present\u00f3 ning\u00fan efecto adverso, ninguna reacci\u00f3n al\u00e9rgica al medicamento. Muy contentos con el proceso, porque se ha tenido muy buena acogida por parte de la poblaci\u00f3n\u201d, dijo.<\/p>\n<p style=\"text-align: justify;\">El balance de esta primera jornada, invita al optimismo de cara a alcanzar la inmunidad para los cerca de 8.500 granadinos que figuran en la base de datos del SISB\u00c9N, pues dentro de la comunidad se ha evidenciado inter\u00e9s en conocer si hacen parte de la poblaci\u00f3n priorizada para recibir la vacuna une vez lleguen nuevas dosis.<\/p>\n","protected":false},"excerpt":{"rendered":"<p style=\"text-align: justify;\">El trabajo coordinado de la Direcci\u00f3n Local de Salud y el Hospital Padre Clemente Giraldo de Granada, permiti\u00f3 que de manera exitosa se suministraran las primeras 75 dosis de la vacuna SINOVAC que llegaron al municipio el pasado 26 de febrero.<\/p>\n","protected":false},"author":1,"featured_media":0,"comment_status":"open","ping_status":"open","sticky":false,"template":"","format":"standard","meta":{"footnotes":""},"categories":[19],"tags":[],"class_list":["post-358","post","type-post","status-publish","format-standard","hentry","category-noticias"],"_links":{"self":[{"href":"https:\/\/www.desdegranada.com\/site\/index.php?rest_route=\/wp\/v2\/posts\/358","targetHints":{"allow":["GET"]}}],"collection":[{"href":"https:\/\/www.desdegranada.com\/site\/index.php?rest_route=\/wp\/v2\/posts"}],"about":[{"href":"https:\/\/www.desdegranada.com\/site\/index.php?rest_route=\/wp\/v2\/types\/post"}],"author":[{"embeddable":true,"href":"https:\/\/www.desdegranada.com\/site\/index.php?rest_route=\/wp\/v2\/users\/1"}],"replies":[{"embeddable":true,"href":"https:\/\/www.desdegranada.com\/site\/index.php?rest_route=%2Fwp%2Fv2%2Fcomments&post=358"}],"version-history":[{"count":0,"href":"https:\/\/www.desdegranada.com\/site\/index.php?rest_route=\/wp\/v2\/posts\/358\/revisions"}],"wp:attachment":[{"href":"https:\/\/www.desdegranada.com\/site\/index.php?rest_route=%2Fwp%2Fv2%2Fmedia&parent=358"}],"wp:term":[{"taxonomy":"category","embeddable":true,"href":"https:\/\/www.desdegranada.com\/site\/index.php?rest_route=%2Fwp%2Fv2%2Fcategories&post=358"},{"taxonomy":"post_tag","embeddable":true,"href":"https:\/\/www.desdegranada.com\/site\/index.php?rest_route=%2Fwp%2Fv2%2Ftags&post=358"}],"curies":[{"name":"wp","href":"https:\/\/api.w.org\/{rel}","templated":true}]}}