{"id":360,"date":"2021-03-12T21:34:46","date_gmt":"2021-03-12T21:34:46","guid":{"rendered":"https:\/\/www.desdegranada.com\/site\/?p=360"},"modified":"2021-03-12T21:34:46","modified_gmt":"2021-03-12T21:34:46","slug":"eneida-palacios-su-vida-en-granada-y-el-reto-de-la-vacunacion-contra-el-covid-19","status":"publish","type":"post","link":"https:\/\/www.desdegranada.com\/site\/?p=360","title":{"rendered":"Eneida Palacios: su vida en Granada y el reto de la vacunaci\u00f3n contra el covid 19"},"content":{"rendered":"<p style=\"text-align: justify;\">\u201cAl comienzo, cuando llegu\u00e9 al municipio, fue un poco dif\u00edcil para que la gente me conociera y me aceptara. Fue traum\u00e1tico porque cuando yo vine ac\u00e1, siempre exist\u00edan las barreras del racismo y esas cosas, pero afortunadamente con el tiempo y con el trabajo y ya la gente conoci\u00e9ndome, me aceptaron\u201d, recuerda.<\/p>\n<p style=\"text-align: justify;\"><img loading=\"lazy\" decoding=\"async\" src=\"images\/Eneida_historia_2.jpg\" width=\"750\" height=\"439\" \/><\/p>\n<p style=\"text-align: justify;\">Su labor, que no es sencilla, adem\u00e1s de permanente capacitaci\u00f3n y formaci\u00f3n, le exige de carisma y disposici\u00f3n de servir. Con frecuencia se encuentra con el reto de hacerle ver a los pacientes, especialmente a los m\u00e1s peque\u00f1os, pero tambi\u00e9n incluso a sus padres, de la importancia de las vacunas, del aporte que estas hacen a que tanto ni\u00f1os como j\u00f3venes y adultos tengan un presente y futuro m\u00e1s saludable.<\/p>\n<p style=\"text-align: justify;\">\u201cRealmente para estar aqu\u00ed en este puesto es de coraz\u00f3n. Vacunaci\u00f3n es 7\/24. O sea, usted si no est\u00e1 aqu\u00ed, est\u00e1 en la casa pensando qu\u00e9 me falt\u00f3 por hacer, ma\u00f1ana debo hacer tal cosa, ma\u00f1ana lo otro. Muchas veces le tocan a uno ni\u00f1os dif\u00edciles, pero de por s\u00ed los ni\u00f1os son muy tiernos y son ch\u00e9veres. A mi me gusta mucho trabajar con ni\u00f1os, me encanta estar en conversaci\u00f3n con la comunidad\u201d.<\/p>\n<p style=\"text-align: justify;\"><img loading=\"lazy\" decoding=\"async\" src=\"images\/Eneida_historia_4.jpg\" alt=\"\" width=\"750\" height=\"439\" \/><\/p>\n<p style=\"text-align: justify;\">Hoy, luego de todo el tiempo que ha pasado conviviendo entre los granadinos y poni\u00e9ndose a su servicio, se le escapa un suspiro al afirmar que \u201cGranada significa todo. La verdad yo siempre he dicho que todo lo que yo tengo ac\u00e1 y lo que he logrado ac\u00e1, en otra parte no lo hubiera logrado, porque en Granada todo se me ha facilitado. Entonces para mi Granada significa todo, no solamente por la parte econ\u00f3mica sino por lo profesional, por la parte humana. Yo ac\u00e1 aprend\u00ed muchas cosas, lo que es el valor de la familia, de la religi\u00f3n\u201d.<\/p>\n<p style=\"text-align: justify;\">Granada \u00fanicamente no le ha permitido a Eneida desarrollarse profesionalmente, pues tambi\u00e9n le ha dado la oportunidad de formar a sus tres hijos y es por ello que su gratitud con el pueblo y su gente est\u00e1n a flor de piel. \u201cLe debo mucho, mucho, mucho a este municipio, porque mi sue\u00f1o era que mis hijos fueran profesionales y en este momento tengo una hija, la mayor, que es profesional, es contadora p\u00fablica. Tengo otros dos hijos. Daniela est\u00e1 estudiando arquitectura, est\u00e1 en el s\u00e9ptimo semestre y Sebasti\u00e1n estudia ingenier\u00eda biol\u00f3gica y est\u00e1 en el sexto. A Granada le debo todo lo que soy en estos momentos y lo que van a ser mis hijos. Mi sue\u00f1o es que ellos terminen la carrera y estar aqu\u00ed en el municipio para poder despu\u00e9s servirle a la misma comunidad\u201d.<\/p>\n<p style=\"text-align: justify;\"><img loading=\"lazy\" decoding=\"async\" src=\"images\/Eneida_historia_3.jpg\" alt=\"\" width=\"750\" height=\"439\" \/><\/p>\n<p style=\"text-align: justify;\">En estos momentos de pandemia la actividad de Eneida como profesional de la salud, la hacen junto a todo el personal de la E.S.E Hospital Padre Clemente Giraldo, los principales actores a la hora de hacer frente al virus del covid 19, por lo que ya, con la llegada de la vacuna, se acrecientan las expectativas con miras a lograr la inmunidad para la poblaci\u00f3n granadina, a quien se debe.<\/p>\n<p style=\"text-align: justify;\">\u201cLas expectativas m\u00edas en cuanto a lo que nos concierne en estos momentos, que es lo de la pandemia y la vacunaci\u00f3n del covid 19, es llegar a cubrir a toda la poblaci\u00f3n del municipio de Granada. Que estemos protegidos para que tengamos calidad de vida\u201d.<\/p>\n<p style=\"text-align: justify;\">Mientras trabaja para seguir realizando tanto sus sue\u00f1os familiares como los que tienen que ver con su ejercicio como funcionaria de la salud, Eneida contin\u00faa disfrutando de cada momento de su vida en el municipio con la alegr\u00eda y energ\u00eda que la distinguen, y aportando su granito de arena para que los que hoy considera sus coterr\u00e1neos tengan una mejor salud y por ende mejor calidad de vida.<\/p>\n<p style=\"text-align: justify;\"><iframe loading=\"lazy\" src=\"\/\/www.youtube.com\/embed\/AmNtScWIpm4\" width=\"560\" height=\"314\" allowfullscreen=\"allowfullscreen\"><\/iframe><\/p>\n<p>\u00a0<\/p>\n<p>\u00a0<\/p>\n","protected":false},"excerpt":{"rendered":"<p style=\"text-align: justify;\">Aunque su llegada a Granada hace 24 a\u00f1os se dio en medio de problem\u00e1ticas de racismo que tambi\u00e9n exist\u00edan dentro de la comunidad, mediante su trabajo y su actuar incorrupto, Eneida Palacios Valencia ha sabido ganarse el cari\u00f1o y respeto de todo el pueblo granadino.<\/p>\n","protected":false},"author":1,"featured_media":0,"comment_status":"open","ping_status":"open","sticky":false,"template":"","format":"standard","meta":{"footnotes":""},"categories":[20],"tags":[],"class_list":["post-360","post","type-post","status-publish","format-standard","hentry","category-columnistas"],"_links":{"self":[{"href":"https:\/\/www.desdegranada.com\/site\/index.php?rest_route=\/wp\/v2\/posts\/360","targetHints":{"allow":["GET"]}}],"collection":[{"href":"https:\/\/www.desdegranada.com\/site\/index.php?rest_route=\/wp\/v2\/posts"}],"about":[{"href":"https:\/\/www.desdegranada.com\/site\/index.php?rest_route=\/wp\/v2\/types\/post"}],"author":[{"embeddable":true,"href":"https:\/\/www.desdegranada.com\/site\/index.php?rest_route=\/wp\/v2\/users\/1"}],"replies":[{"embeddable":true,"href":"https:\/\/www.desdegranada.com\/site\/index.php?rest_route=%2Fwp%2Fv2%2Fcomments&post=360"}],"version-history":[{"count":0,"href":"https:\/\/www.desdegranada.com\/site\/index.php?rest_route=\/wp\/v2\/posts\/360\/revisions"}],"wp:attachment":[{"href":"https:\/\/www.desdegranada.com\/site\/index.php?rest_route=%2Fwp%2Fv2%2Fmedia&parent=360"}],"wp:term":[{"taxonomy":"category","embeddable":true,"href":"https:\/\/www.desdegranada.com\/site\/index.php?rest_route=%2Fwp%2Fv2%2Fcategories&post=360"},{"taxonomy":"post_tag","embeddable":true,"href":"https:\/\/www.desdegranada.com\/site\/index.php?rest_route=%2Fwp%2Fv2%2Ftags&post=360"}],"curies":[{"name":"wp","href":"https:\/\/api.w.org\/{rel}","templated":true}]}}