{"id":361,"date":"2021-03-16T23:15:58","date_gmt":"2021-03-16T23:15:58","guid":{"rendered":"https:\/\/www.desdegranada.com\/site\/?p=361"},"modified":"2021-03-16T23:15:58","modified_gmt":"2021-03-16T23:15:58","slug":"pavimentacion-via-granada-san-carlos-aunque-las-obras-estan-suspendidas-gobernacion-de-antioquia-se-compromete-a-terminar","status":"publish","type":"post","link":"https:\/\/www.desdegranada.com\/site\/?p=361","title":{"rendered":"Pavimentaci\u00f3n v\u00eda Granada \u2013 San Carlos: aunque las obras est\u00e1n suspendidas, Gobernaci\u00f3n de Antioquia se compromete a terminar"},"content":{"rendered":"<p style=\"text-align: justify;\">Y es que las obras en las que se contempla la pavimentaci\u00f3n de 8.7 kil\u00f3metros de la v\u00eda que conecta a las dos localidades, se encuentran suspendidas debido a que, sin ser permitido, el contratista cedi\u00f3 el contrato a un tercero (persona natural).<\/p>\n<p style=\"text-align: justify;\">En ese sentido, restan a\u00fan por desarrollar algunas obras complementarias como cunetas y un puente. Asimismo, el contratista qued\u00f3 con algunas deudas pendientes y aportes a diferentes proyectos para ejecutar con las comunidades beneficiarias de la v\u00eda.<\/p>\n<p style=\"text-align: justify;\"><img decoding=\"async\" src=\"images\/Suspensin_obras_Granada_-_San_Carlos.jpg\" alt=\"\" \/><\/p>\n<p style=\"text-align: justify;\">\u201cDesafortunadamente el contratista est\u00e1 inmerso en un proceso de incumplimiento por la no finalizaci\u00f3n de la obra. Por parte de la Gobernaci\u00f3n de Antioquia, el municipio de Granada y sus concejales, estamos revisando como afrontar las deudas sociales que dej\u00f3 el contratista en el territorio\u201d, anunci\u00f3 tras la reuni\u00f3n el secretario de Infraestructura F\u00edsica de Antioquia, Santiago Sierra.<\/p>\n<p style=\"text-align: justify;\">\u00a0<\/p>\n<blockquote class=\"twitter-tweet\">\n<p dir=\"ltr\" lang=\"es\">Encuentro esta ma\u00f1ana con Secretario <a href=\"https:\/\/twitter.com\/ObrasAntioquia?ref_src=twsrc%5Etfw\">@ObrasAntioquia<\/a> <a href=\"https:\/\/twitter.com\/SantisierraL?ref_src=twsrc%5Etfw\">@SantisierraL<\/a>, alcalde y concejales <a href=\"https:\/\/twitter.com\/alcaldiagranada?ref_src=twsrc%5Etfw\">@alcaldiagranada<\/a>. Tema: v\u00eda Granada-San Carlos y otros proyectos. Contratista actual en proceso sanci\u00f3n y preparaci\u00f3n para licitaci\u00f3n este semestre de los km faltantes. <a href=\"https:\/\/twitter.com\/asambleadeant?ref_src=twsrc%5Etfw\">@asambleadeant<\/a>. <a href=\"https:\/\/t.co\/vqzWQ4sh8x\">pic.twitter.com\/vqzWQ4sh8x<\/a><\/p>\n<p>\u2014 Juan Esteban (@JuanEVillegasA) <a href=\"https:\/\/twitter.com\/JuanEVillegasA\/status\/1371883255608311812?ref_src=twsrc%5Etfw\">March 16, 2021<\/a><\/p><\/blockquote>\n<p style=\"text-align: justify;\">En la visita del Gobernador encargado de Antioquia, Luis Fernando Su\u00e1rez, en septiembre de 2020, se anunci\u00f3 la asignaci\u00f3n de recursos para pavimentaci\u00f3n de los kil\u00f3metros totales de esta v\u00eda, y aunque de momento el contrato actual se encuentra suspendido, en el encuentro entre representantes de la alcald\u00eda de Granada y el secretario de infraestructura, se ratific\u00f3 el compromiso y la licitaci\u00f3n se estar\u00eda dando en este primer semestre de 2021.<\/p>\n<p style=\"text-align: justify;\">La pavimentaci\u00f3n de la v\u00eda entre Granada y San Carlos, est\u00e1 contemplada dentro del proyecto de reparaci\u00f3n colectiva a v\u00edctimas del conflicto de esta zona del departamento.<\/p>\n","protected":false},"excerpt":{"rendered":"<p style=\"text-align: justify;\">Este martes 16 de marzo el alcalde Freddy Casta\u00f1o Aristiz\u00e1bal y su secretario de infraestructura Joaqu\u00edn Zapata, acompa\u00f1ados por el diputado Juan Esteban Villegas y algunos concejales, se reunieron con el secretario de infraestructura del departamento para hablar sobre un tema que genera preocupaci\u00f3n com\u00fan entre los pobladores de Granada y San Carlos: la pavimentaci\u00f3n de este corredor vial.<\/p>\n","protected":false},"author":1,"featured_media":0,"comment_status":"open","ping_status":"open","sticky":false,"template":"","format":"standard","meta":{"footnotes":""},"categories":[19],"tags":[],"class_list":["post-361","post","type-post","status-publish","format-standard","hentry","category-noticias"],"_links":{"self":[{"href":"https:\/\/www.desdegranada.com\/site\/index.php?rest_route=\/wp\/v2\/posts\/361","targetHints":{"allow":["GET"]}}],"collection":[{"href":"https:\/\/www.desdegranada.com\/site\/index.php?rest_route=\/wp\/v2\/posts"}],"about":[{"href":"https:\/\/www.desdegranada.com\/site\/index.php?rest_route=\/wp\/v2\/types\/post"}],"author":[{"embeddable":true,"href":"https:\/\/www.desdegranada.com\/site\/index.php?rest_route=\/wp\/v2\/users\/1"}],"replies":[{"embeddable":true,"href":"https:\/\/www.desdegranada.com\/site\/index.php?rest_route=%2Fwp%2Fv2%2Fcomments&post=361"}],"version-history":[{"count":0,"href":"https:\/\/www.desdegranada.com\/site\/index.php?rest_route=\/wp\/v2\/posts\/361\/revisions"}],"wp:attachment":[{"href":"https:\/\/www.desdegranada.com\/site\/index.php?rest_route=%2Fwp%2Fv2%2Fmedia&parent=361"}],"wp:term":[{"taxonomy":"category","embeddable":true,"href":"https:\/\/www.desdegranada.com\/site\/index.php?rest_route=%2Fwp%2Fv2%2Fcategories&post=361"},{"taxonomy":"post_tag","embeddable":true,"href":"https:\/\/www.desdegranada.com\/site\/index.php?rest_route=%2Fwp%2Fv2%2Ftags&post=361"}],"curies":[{"name":"wp","href":"https:\/\/api.w.org\/{rel}","templated":true}]}}