{"id":362,"date":"2021-03-17T22:09:32","date_gmt":"2021-03-17T22:09:32","guid":{"rendered":"https:\/\/www.desdegranada.com\/site\/?p=362"},"modified":"2021-03-17T22:09:32","modified_gmt":"2021-03-17T22:09:32","slug":"con-28-anos-granada-siempre-nuestra-se-proyecta-en-los-jovenes-que-han-recibido-apoyo-y-que-ya-empiezan-a-liderar-el-proceso","status":"publish","type":"post","link":"https:\/\/www.desdegranada.com\/site\/?p=362","title":{"rendered":"Con 28 a\u00f1os, Granada Siempre Nuestra se proyecta en los j\u00f3venes que han recibido apoyo y que ya empiezan a liderar el proceso"},"content":{"rendered":"<p>Con la experiencia de quienes iniciaron y las ideas nuevas y energ\u00eda de los j\u00f3venes que han pasado en todos estos a\u00f1os por cada proceso, Granada Siempre Nuestra se va asegurando perdurar en el tiempo para seguir construyendo sociedad, para seguir tejiendo territorio a partir de la educaci\u00f3n.<\/p>\n<p><strong><em>Horacio Zuluaga \u2013 Asociado fundador<\/em><\/strong><\/p>\n<p>Don Horacio Zuluaga es un granadino oriundo de la vereda La Gaviota que, iniciando su vida de comerciante en la ciudad de Medell\u00edn, pens\u00f3 en los hogares juveniles campesinos del municipio para el apadrinamiento de estudiantes que quisieran ingresar a la educaci\u00f3n superior.<\/p>\n<p>\u201cEsto fue una cosa que fue surgiendo espont\u00e1neamente. (\u2026) Cay\u00f3 la chispa de creaci\u00f3n una instituci\u00f3n especial que apalancara tantos proyecticos que iban saliendo en tantos l\u00edderes y que ten\u00edan que sucumbir reci\u00e9n iniciados por falta de apoyo econ\u00f3mico o por falta de orientaci\u00f3n\u201d.<\/p>\n<p>Mientras con algunos amigos viajaba hacia Medell\u00edn, pensaron tambi\u00e9n en el nombre: Granada Siempre M\u00eda fue como le llamaron inicialmente, luego pas\u00f3 a llamarse Granada Siempre Nuestra.<\/p>\n<p><strong><em>Yudy Duque Giraldo \u2013 Comunicadora social \u2013 periodista, Directora Ejecutiva GSN.<\/em><\/strong><\/p>\n<p>Lleg\u00f3 a la Corporaci\u00f3n Granada Siempre Nuestra para hacer parte del proceso de aprendices en el a\u00f1o 2010, desde el que se motiva a los j\u00f3venes a seguir recorriendo el camino de la educaci\u00f3n superior. \u201cAh\u00ed estuve en mitad de d\u00e9cimo y todo mi grado once, donde recib\u00ed capacitaci\u00f3n, orientaci\u00f3n vocacional y todo este proceso de redescubrir qu\u00e9 quer\u00eda para mi vida\u201d, recuerda.<\/p>\n<p>Ahora Yudy, hace parte del d\u00eda a d\u00eda de Granada Siempre Nuestra de otra manera. Es la directora ejecutiva, la cabeza visible de la entidad y la encargada de guiar cada proceso que desde all\u00ed se desarrolla. Gestiona, busca aliados y motiva a ver en la educaci\u00f3n el motor que transforma el mundo.<\/p>\n<p>\u201cMe gradu\u00e9 en el 2011 del colegio y me dieron la oportunidad en la Corporaci\u00f3n Granada Siempre Nuestra de hacer parte del programa de educaci\u00f3n superior y fui beneficiaria de una beca en la UPB, entonces ah\u00ed inici\u00e9 mi proceso de formaci\u00f3n. Me gradu\u00e9 de comunicadora social \u2013 periodista y actualmente, como un voto de confianza de la junta directiva por el proceso que se hace, me vi trabajando en la Corporaci\u00f3n Granada Siempre Nuestra y estoy ah\u00ed desde hace un a\u00f1o y medio. Estar en el otro lado del terreno trae unos retos. Uno tiene ese deseo de seguir ayudando a la comunidad, de que, as\u00ed como uno tuvo la oportunidad y pudo recibir el beneficio y pudo hacer sus cosas, uno quiere que otras personas puedan ser beneficiarias de este proceso, puedan cumplir sus sue\u00f1os y puedan tambi\u00e9n a trav\u00e9s de la educaci\u00f3n salir adelante\u201d.<\/p>\n<p><img loading=\"lazy\" decoding=\"async\" src=\"images\/28_aos_GSN_3.jpg\" alt=\"\" width=\"750\" height=\"439\" \/><\/p>\n<p><strong><em>Elizabeth L\u00f3pez \u2013 Ingeniera industrial, egresada \u2018Estudiar qu\u00e9 nogociazo\u2019 <\/em><\/strong><\/p>\n<p>Cuando Elizabeth pensaba en continuar con su formaci\u00f3n profesional, se cruz\u00f3 en el camino con la corporaci\u00f3n Granada Siempre Nuestra, que le facilit\u00f3 la posibilidad de luchar por su sue\u00f1o. Para Elizabeth, la corporaci\u00f3n es una entidad que vale la pena dar a conocer.<\/p>\n<p>\u201cFue realmente gracias a ellos que pude obtener la beca del 100% para estudiar ingenier\u00eda industrial en la Universidad EAFIT. Durante esos cinco a\u00f1os no solo tuve un apoyo econ\u00f3mico, sino que tuve todo un apoyo integral por medio de la Corporaci\u00f3n Granada Siempre Nuestra y gran parte de lo que soy ahora, ha sido gracias a todo ese apoyo que tuve de las personas que en su momento estuvieron en la corporaci\u00f3n\u201d.<\/p>\n<p>Su mensaje hoy es claro: \u201ccreamos en esto, creamos en la corporaci\u00f3n, creamos en que un mundo mejor es posible. Un mundo en el que el centro no sea ni el dinero ni el poder, sino que seamos nosotros. De verdad esta es una entidad que no se encuentra en ning\u00fan lado\u201d.<\/p>\n<p><strong><em>Bertha Nelly Hoyos &#8211; Asociada<\/em><\/strong><\/p>\n<p>Luego de vivir por un largo tiempo en Estados Unidos, regres\u00f3 a Colombia hace 9 a\u00f1os, de los cuales lleva 7 haciendo parte de la corporaci\u00f3n.<\/p>\n<p>\u201cA los dos a\u00f1os de haber regresado a Colombia, me vincul\u00e9 a la corporaci\u00f3n. Me parece espectacular. Me ha gustado mucho la labor social y he trabajado con muchas. En Estados Unidos trabajaba mucho tambi\u00e9n con la labor social, pero a mi esta corporaci\u00f3n, la esencia de Granada Siempre Nuestra me parece hermosa, porque la educaci\u00f3n es la que saca los pueblos adelante\u201d.<\/p>\n<p><img decoding=\"async\" src=\"images\/28_aos_GSN_2.jpg\" alt=\"\" \/><\/p>\n<p>La vigesimonovena asamblea general de Granada Siempre Nuestra, lleg\u00f3 el 13 de marzo de 2021 tras un 2020 dif\u00edcil, turbulento, a\u00fan con dificultades para reunir a la totalidad de sus asociados, beneficiarios y aliados, pero con el objetivo de mostrar que las adversidades derivadas de la pandemia del covid 19 no detuvieron por completo el quehacer de la corporaci\u00f3n.<\/p>\n<p>Inicialmente el reto era seguir sosteni\u00e9ndose, pero tambi\u00e9n explorar otras maneras de llevar a cabo los distintos procesos y seguir aport\u00e1ndole a la comunidad granadina. Todo esto se logr\u00f3. Quedaron aprendizajes y ense\u00f1anzas que van a fortalecer el desarrollo de todas y cada una de las actividades que se tienen proyectadas para este 2021.<\/p>\n<p>El encuentro virtual-presencial, adem\u00e1s de ser la oportunidad de presentar el balance del \u00faltimo a\u00f1o, permiti\u00f3 celebrar el aniversario n\u00famero 28 de la corporaci\u00f3n, tiempo durante el que la educaci\u00f3n se ha mantenido como la base s\u00f3lida y el eje de una idea que naci\u00f3 con la firme convicci\u00f3n de apostarle al desarrollo social del municipio.\u00a0<\/p>\n<p><iframe loading=\"lazy\" style=\"border: none; overflow: hidden;\" src=\"https:\/\/www.facebook.com\/plugins\/video.php?height=314&amp;href=https%3A%2F%2Fwww.facebook.com%2F141664446416064%2Fvideos%2F557367201855314%2F&amp;show_text=false&amp;width=560\" width=\"560\" height=\"314\" frameborder=\"0\" scrolling=\"no\" allowfullscreen=\"allowfullscreen\"><\/iframe><\/p>\n","protected":false},"excerpt":{"rendered":"<p>En sus 28 a\u00f1os de vida institucional, el impacto de Granada Siempre Nuestra en la localidad, es de gran importancia y es reconocido y valorado por gran parte la comunidad e instituciones. Desde fundadores hasta asociados y beneficiarios de los diferentes programas, tienen un estrecho v\u00ednculo con la corporaci\u00f3n, un afecto especial hacia una entidad que les ha permitido a cientos de personas canalizar capacidades desde diversos \u00e1mbitos para ponerse al servicio de Granada.<\/p>\n","protected":false},"author":1,"featured_media":0,"comment_status":"open","ping_status":"open","sticky":false,"template":"","format":"standard","meta":{"footnotes":""},"categories":[19],"tags":[],"class_list":["post-362","post","type-post","status-publish","format-standard","hentry","category-noticias"],"_links":{"self":[{"href":"https:\/\/www.desdegranada.com\/site\/index.php?rest_route=\/wp\/v2\/posts\/362","targetHints":{"allow":["GET"]}}],"collection":[{"href":"https:\/\/www.desdegranada.com\/site\/index.php?rest_route=\/wp\/v2\/posts"}],"about":[{"href":"https:\/\/www.desdegranada.com\/site\/index.php?rest_route=\/wp\/v2\/types\/post"}],"author":[{"embeddable":true,"href":"https:\/\/www.desdegranada.com\/site\/index.php?rest_route=\/wp\/v2\/users\/1"}],"replies":[{"embeddable":true,"href":"https:\/\/www.desdegranada.com\/site\/index.php?rest_route=%2Fwp%2Fv2%2Fcomments&post=362"}],"version-history":[{"count":0,"href":"https:\/\/www.desdegranada.com\/site\/index.php?rest_route=\/wp\/v2\/posts\/362\/revisions"}],"wp:attachment":[{"href":"https:\/\/www.desdegranada.com\/site\/index.php?rest_route=%2Fwp%2Fv2%2Fmedia&parent=362"}],"wp:term":[{"taxonomy":"category","embeddable":true,"href":"https:\/\/www.desdegranada.com\/site\/index.php?rest_route=%2Fwp%2Fv2%2Fcategories&post=362"},{"taxonomy":"post_tag","embeddable":true,"href":"https:\/\/www.desdegranada.com\/site\/index.php?rest_route=%2Fwp%2Fv2%2Ftags&post=362"}],"curies":[{"name":"wp","href":"https:\/\/api.w.org\/{rel}","templated":true}]}}