{"id":364,"date":"2021-03-19T16:39:20","date_gmt":"2021-03-19T16:39:20","guid":{"rendered":"https:\/\/www.desdegranada.com\/site\/?p=364"},"modified":"2021-03-19T16:39:20","modified_gmt":"2021-03-19T16:39:20","slug":"diana-rivera-llego-a-granada-stereo-con-tu-decision","status":"publish","type":"post","link":"https:\/\/www.desdegranada.com\/site\/?p=364","title":{"rendered":"Diana Rivera lleg\u00f3 a Granada Stereo con \u2018Tu decisi\u00f3n\u2019"},"content":{"rendered":"<p style=\"text-align: justify;\">\u201c<strong><em>Tu decisi\u00f3n es el lanzamiento de 2021<\/em><\/strong>. Es una canci\u00f3n que ha gustado demasiado, que habla de desamor, de despecho, pero que lleva un muy bonito mensaje porque uno dice: bueno, voy a respetar tu decisi\u00f3n y simplemente te desear\u00e9 lo mejor. Es una canci\u00f3n super dedicable, que yo s\u00e9 que muchas mujeres se van a sentir identificadas\u201d, explica la artista sobre el contenido de su m\u00e1s reciente sencillo.<\/p>\n<p style=\"text-align: justify;\"><strong><em>Vete, y qu\u00e9 m\u00e1s da, pa\u2019 beber, ni te vistas que no vas, la venganza, c\u00f3mo le digo, tenemos que hablar<\/em><\/strong>, son otros de los temas que componen el \u00e1lbum Pa\u2019 que le duela de la artista de origen Bogotano.<\/p>\n<p style=\"text-align: justify;\">Diana Rivera <strong><em>inici\u00f3 su carrera a los 16 a\u00f1os formando parte de la orquesta de m\u00fasica tropical Los Ocho de Colombia<\/em><\/strong>. \u201cRealmente fue una gran escuela. All\u00ed hice mis primeros pinitos en la m\u00fasica y hace aproximadamente tres a\u00f1os estoy en el g\u00e9nero popular\u201d, record\u00f3 Rivera sobre su paso por la agrupaci\u00f3n.<\/p>\n<p><iframe loading=\"lazy\" src=\"\/\/www.youtube.com\/embed\/zHC-qTYD33M\" width=\"560\" height=\"314\" allowfullscreen=\"allowfullscreen\"><\/iframe><\/p>\n","protected":false},"excerpt":{"rendered":"<p style=\"text-align: justify;\"><strong><em>\u2018Tu decisi\u00f3n\u2019<\/em><\/strong>, es el nuevo \u00e9xito de la artista de m\u00fasica popular <strong><em>Diana Rivera<\/em><\/strong>, quien el mi\u00e9rcoles 17 de marzo pas\u00f3 por los micr\u00f3fonos de Granada Stereo en una gira de promoci\u00f3n con su equipo de trabajo.<\/p>\n","protected":false},"author":1,"featured_media":0,"comment_status":"open","ping_status":"open","sticky":false,"template":"","format":"standard","meta":{"footnotes":""},"categories":[19],"tags":[],"class_list":["post-364","post","type-post","status-publish","format-standard","hentry","category-noticias"],"_links":{"self":[{"href":"https:\/\/www.desdegranada.com\/site\/index.php?rest_route=\/wp\/v2\/posts\/364","targetHints":{"allow":["GET"]}}],"collection":[{"href":"https:\/\/www.desdegranada.com\/site\/index.php?rest_route=\/wp\/v2\/posts"}],"about":[{"href":"https:\/\/www.desdegranada.com\/site\/index.php?rest_route=\/wp\/v2\/types\/post"}],"author":[{"embeddable":true,"href":"https:\/\/www.desdegranada.com\/site\/index.php?rest_route=\/wp\/v2\/users\/1"}],"replies":[{"embeddable":true,"href":"https:\/\/www.desdegranada.com\/site\/index.php?rest_route=%2Fwp%2Fv2%2Fcomments&post=364"}],"version-history":[{"count":0,"href":"https:\/\/www.desdegranada.com\/site\/index.php?rest_route=\/wp\/v2\/posts\/364\/revisions"}],"wp:attachment":[{"href":"https:\/\/www.desdegranada.com\/site\/index.php?rest_route=%2Fwp%2Fv2%2Fmedia&parent=364"}],"wp:term":[{"taxonomy":"category","embeddable":true,"href":"https:\/\/www.desdegranada.com\/site\/index.php?rest_route=%2Fwp%2Fv2%2Fcategories&post=364"},{"taxonomy":"post_tag","embeddable":true,"href":"https:\/\/www.desdegranada.com\/site\/index.php?rest_route=%2Fwp%2Fv2%2Ftags&post=364"}],"curies":[{"name":"wp","href":"https:\/\/api.w.org\/{rel}","templated":true}]}}