{"id":365,"date":"2021-03-19T19:29:16","date_gmt":"2021-03-19T19:29:16","guid":{"rendered":"https:\/\/www.desdegranada.com\/site\/?p=365"},"modified":"2021-03-19T19:29:16","modified_gmt":"2021-03-19T19:29:16","slug":"fundacion-social-coogranada-15-anos-llevando-bienestar-a-sus-asociados","status":"publish","type":"post","link":"https:\/\/www.desdegranada.com\/site\/?p=365","title":{"rendered":"Fundaci\u00f3n Social Coogranada, 15 a\u00f1os llevando bienestar a sus asociados"},"content":{"rendered":"<p style=\"text-align: justify;\">En la celebraci\u00f3n de los quince a\u00f1os, Yaneth Galeano, directora ejecutiva de la Fundaci\u00f3n, destaca los logros obtenidos en el trabajo con \u201cni\u00f1os, j\u00f3venes en articulaci\u00f3n con Cooingra. Asimismo, venimos impactando a nuestras familias a los campesinos, a nuestros asociados\u201d.<\/p>\n<p style=\"text-align: justify;\"><img decoding=\"async\" src=\"images\/15_aos_Fundacin.jpg\" alt=\"\" \/><\/p>\n<p style=\"text-align: justify;\">En el marco de la celebraci\u00f3n de los 15 a\u00f1os, la Fundaci\u00f3n Coogranada recibi\u00f3 la m\u00e1xima distinci\u00f3n que entrega el Concejo Municipal, como lo es la Medalla al M\u00e9rito C\u00edvico Padre Clemente Giraldo, resaltando \u201cel servicio desinteresado, el bien com\u00fan, el desarrollo comunitario\u201d, fueron las palabras del concejal Edwin Giraldo, contin\u00faa mencionando \u201cnos motiva a exaltar su figura como una instituci\u00f3n fuerte, con altos niveles de gesti\u00f3n y con resultados excepcionales para toda una familia como lo es Coogranada\u201d.<\/p>\n<p style=\"text-align: justify;\">La Fundaci\u00f3n Coogranada se proyecta en seguir creciendo, llegar a cada uno de los lugares a donde hace presencia la cooperativa e impactar positivamente a las comunidades llevando bienestar social.<\/p>\n","protected":false},"excerpt":{"rendered":"<p style=\"text-align: justify;\">En el 2006 la cooperativa Coogranada le dio vida a su Fundaci\u00f3n como una iniciativa que le permitiera llevar a cabo todos los procesos sociales en temas de salud, educaci\u00f3n, recreaci\u00f3n y el fortalecimiento de la cultura.<\/p>\n","protected":false},"author":1,"featured_media":0,"comment_status":"open","ping_status":"open","sticky":false,"template":"","format":"standard","meta":{"footnotes":""},"categories":[19],"tags":[],"class_list":["post-365","post","type-post","status-publish","format-standard","hentry","category-noticias"],"_links":{"self":[{"href":"https:\/\/www.desdegranada.com\/site\/index.php?rest_route=\/wp\/v2\/posts\/365","targetHints":{"allow":["GET"]}}],"collection":[{"href":"https:\/\/www.desdegranada.com\/site\/index.php?rest_route=\/wp\/v2\/posts"}],"about":[{"href":"https:\/\/www.desdegranada.com\/site\/index.php?rest_route=\/wp\/v2\/types\/post"}],"author":[{"embeddable":true,"href":"https:\/\/www.desdegranada.com\/site\/index.php?rest_route=\/wp\/v2\/users\/1"}],"replies":[{"embeddable":true,"href":"https:\/\/www.desdegranada.com\/site\/index.php?rest_route=%2Fwp%2Fv2%2Fcomments&post=365"}],"version-history":[{"count":0,"href":"https:\/\/www.desdegranada.com\/site\/index.php?rest_route=\/wp\/v2\/posts\/365\/revisions"}],"wp:attachment":[{"href":"https:\/\/www.desdegranada.com\/site\/index.php?rest_route=%2Fwp%2Fv2%2Fmedia&parent=365"}],"wp:term":[{"taxonomy":"category","embeddable":true,"href":"https:\/\/www.desdegranada.com\/site\/index.php?rest_route=%2Fwp%2Fv2%2Fcategories&post=365"},{"taxonomy":"post_tag","embeddable":true,"href":"https:\/\/www.desdegranada.com\/site\/index.php?rest_route=%2Fwp%2Fv2%2Ftags&post=365"}],"curies":[{"name":"wp","href":"https:\/\/api.w.org\/{rel}","templated":true}]}}