{"id":366,"date":"2021-03-25T19:17:33","date_gmt":"2021-03-25T19:17:33","guid":{"rendered":"https:\/\/www.desdegranada.com\/site\/?p=366"},"modified":"2021-03-25T19:17:33","modified_gmt":"2021-03-25T19:17:33","slug":"incumplimiento-a-trabajadores-proveedores-y-comunidades-y-pavimentacion-sin-terminar-asi-esta-el-proyecto-de-la-via-granada-san-carlos","status":"publish","type":"post","link":"https:\/\/www.desdegranada.com\/site\/?p=366","title":{"rendered":"Incumplimiento a trabajadores, proveedores y comunidades, y pavimentaci\u00f3n sin terminar. As\u00ed est\u00e1 el proyecto de la v\u00eda Granada \u2013 San Carlos"},"content":{"rendered":"<p style=\"text-align: justify;\">Mar\u00eda Beatriz Herrera, habitante del municipio de San Carlos y quien prest\u00f3 sus servicios al consorcio San Vicente Hidor como Tecn\u00f3loga en Salud Ocupacional, manifest\u00f3 en nombre de los trabajadores de la obra que \u201cel 20 de febrero fuimos notificados por una carta de terminaci\u00f3n del contrato, nos adeudaban un mes de trabajo. En esa tercera quincena que est\u00e1bamos pisando, cuando nos dieron la terminaci\u00f3n del contrato, nos mandaron a todos para la casa debi\u00e9ndonos tres quincenas y la liquidaci\u00f3n. Ahorita el 20 de marzo estamos cumpliendo un mes de haber salido de la empresa\u201d.<\/p>\n<p style=\"text-align: justify;\">En nombre de las comunidades, con las que se acord\u00f3 desarrollar un proyecto productivo que hasta el momento no se da, habl\u00f3 Agust\u00edn Quintero, presidente de la junta de acci\u00f3n comunal de la vereda Los Medios: \u201clas cinco veredas que corresponde La Hondita, Calderas, La Aguada, Los Medios y La Quiebra, escogimos un proyecto de ganado. Logramos socializar ese proyecto con las comunidades en cada una de las veredas, lo expusimos en la junta de acci\u00f3n comunal, en una asamblea, y la gente estuvo de acuerdo. Entonces el consorcio y la Gobernaci\u00f3n aprobaron el proyecto, nos dicen que dentro de quince d\u00edas les entregamos el ganado, nos hicieron organizar los terrenos y los establos para albergar ese ganado y esta es la hora que no se han pronunciado al respecto. Ya los contratistas se fueron\u201d.<\/p>\n<p style=\"text-align: justify;\"><img decoding=\"async\" src=\"images\/Reunin_marzo_va_Granada_-_San_Carlos_.jpg\" alt=\"\" \/><\/p>\n<p style=\"text-align: justify;\">La Gobernaci\u00f3n ha acompa\u00f1ado a la comunidad afectada en diferentes espacios con el prop\u00f3sito de socializar todo lo relacionado con el proceso jur\u00eddico y en el que se espera llegar a un acuerdo con la constructora para posteriormente subsanar las deudas que se tienen en la zona de la obra.<\/p>\n<p style=\"text-align: justify;\">Al respecto, Ver\u00f3nica Cotes Londo\u00f1o, Directora de Gesti\u00f3n Social Ambiental de la Secretar\u00eda de Infraestructura F\u00edsica de la Gobernaci\u00f3n de Antioquia, explic\u00f3: \u201cel proceso para solucionar todos los incumplimientos que en este momento tenemos tanto con los trabajadores, con el proyecto productivo y con la terminaci\u00f3n de la obra se deben resolver en el marco de ese proceso sancionatorio\u201d. Otro funcionario a\u00f1adi\u00f3 que \u201cellos nos tienen que tener esos paz y salvos para poder hacerles el pago y poder adem\u00e1s de pagarles a ustedes, terminar de pavimentar los 2.4 kil\u00f3metros que tenemos pendientes por terminar\u201d.<\/p>\n<p style=\"text-align: justify;\">Esta semana se tendr\u00e1 la primera reuni\u00f3n que hace parte del proceso sancionatorio en el que un juez definir\u00e1 las obligaciones del consorcio San Vicente Hidor y la ruta a seguir para concluir el proyecto y responder a las demandas de las comunidades, contratistas y proveedores.<\/p>\n<p style=\"text-align: justify;\">En medio de las dificultades que presenta la terminaci\u00f3n del actual proyecto de pavimentaci\u00f3n, la Gobernaci\u00f3n de Antioquia anunci\u00f3 que est\u00e1n pr\u00f3ximos a terminar los estudios para adjudicar los 9 kil\u00f3metros con los que quedar\u00e1 asfaltada la totalidad de la v\u00eda entre Granada y San Carlos.<\/p>\n<p style=\"text-align: justify;\"><iframe loading=\"lazy\" src=\"\/\/www.youtube.com\/embed\/3mPBHG5p-KM\" width=\"560\" height=\"314\" allowfullscreen=\"allowfullscreen\"><\/iframe><\/p>\n","protected":false},"excerpt":{"rendered":"<p style=\"text-align: justify;\">Deudas con trabajadores y proveedores, compromisos con las comunidades sin ejecutar y la pavimentaci\u00f3n de 2.4 kil\u00f3metros de los 8.7 contemplados en el contrato a\u00fan sin concluir, es en estos momentos el panorama que ha dejado el consorcio San Vicente Hidor en la v\u00eda Granada &#8211; San Carlos, en donde las obras se encuentran suspendidas despu\u00e9s de que la Gobernaci\u00f3n de Antioquia interpusiera un proceso legal en contra de la firma contratista debido a los incumplimientos.<\/p>\n","protected":false},"author":1,"featured_media":0,"comment_status":"open","ping_status":"open","sticky":false,"template":"","format":"standard","meta":{"footnotes":""},"categories":[19],"tags":[],"class_list":["post-366","post","type-post","status-publish","format-standard","hentry","category-noticias"],"_links":{"self":[{"href":"https:\/\/www.desdegranada.com\/site\/index.php?rest_route=\/wp\/v2\/posts\/366","targetHints":{"allow":["GET"]}}],"collection":[{"href":"https:\/\/www.desdegranada.com\/site\/index.php?rest_route=\/wp\/v2\/posts"}],"about":[{"href":"https:\/\/www.desdegranada.com\/site\/index.php?rest_route=\/wp\/v2\/types\/post"}],"author":[{"embeddable":true,"href":"https:\/\/www.desdegranada.com\/site\/index.php?rest_route=\/wp\/v2\/users\/1"}],"replies":[{"embeddable":true,"href":"https:\/\/www.desdegranada.com\/site\/index.php?rest_route=%2Fwp%2Fv2%2Fcomments&post=366"}],"version-history":[{"count":0,"href":"https:\/\/www.desdegranada.com\/site\/index.php?rest_route=\/wp\/v2\/posts\/366\/revisions"}],"wp:attachment":[{"href":"https:\/\/www.desdegranada.com\/site\/index.php?rest_route=%2Fwp%2Fv2%2Fmedia&parent=366"}],"wp:term":[{"taxonomy":"category","embeddable":true,"href":"https:\/\/www.desdegranada.com\/site\/index.php?rest_route=%2Fwp%2Fv2%2Fcategories&post=366"},{"taxonomy":"post_tag","embeddable":true,"href":"https:\/\/www.desdegranada.com\/site\/index.php?rest_route=%2Fwp%2Fv2%2Ftags&post=366"}],"curies":[{"name":"wp","href":"https:\/\/api.w.org\/{rel}","templated":true}]}}