{"id":369,"date":"2021-04-12T17:22:34","date_gmt":"2021-04-12T17:22:34","guid":{"rendered":"https:\/\/www.desdegranada.com\/site\/?p=369"},"modified":"2021-04-12T17:22:34","modified_gmt":"2021-04-12T17:22:34","slug":"todo-lo-que-nosotros-vendemos-es-muy-barato-luis-fernando-garcia-granadinos-apoyan-la-realizacion-del-referendo-campesino","status":"publish","type":"post","link":"https:\/\/www.desdegranada.com\/site\/?p=369","title":{"rendered":"\u201cTodo lo que nosotros vendemos, es muy barato\u201d, Luis Fernando Garc\u00eda. Granadinos apoyan la realizaci\u00f3n del referendo campesino"},"content":{"rendered":"<p style=\"text-align: justify;\">Representantes de las instituciones y comunidad en general, en un gesto de apoyo con los campesinos de Granada y el pa\u00eds, se acercaron hasta el punto ubicado en el parque educativo Mar\u00eda Dolores Giraldo para respaldar esta propuesta y pedirle al gobierno mirar sus ojos hacia las zonas rurales, a partir de donde se sostienen las grandes ciudades, pero en donde quienes habitan no tienen las mejores condiciones de vida.<\/p>\n<p style=\"text-align: justify;\"><img loading=\"lazy\" decoding=\"async\" src=\"images\/Referendo_campesino_1.jpg\" width=\"750\" height=\"439\" \/><\/p>\n<p style=\"text-align: justify;\">Luis Fernando Garc\u00eda, de la vereda Los Planes fue uno de los campesinos que plasm\u00f3 su firma con la idea de que se brinde m\u00e1s apoyo a los productores argumentando que \u201ctodo lo que nosotros vendemos, es muy barato. El comerciante se lo lleva y el agricultor va por debajo de todo\u201d.<\/p>\n<p style=\"text-align: justify;\">Por su parte, Dar\u00edo de Jes\u00fas Montes, de la vereda Tafetanes, expuso que \u201clos insumos son muy caros y los productos del campesino son muy baratos por la importaci\u00f3n. El tratado de libre comercio es el que tiene jo0dido al campesino\u201d.<\/p>\n<p style=\"text-align: justify;\">En caso de alcanzar las cerca de 2 millones de firmas requeridas, se llevar\u00e1 a cabo una reforma constitucional que contempla la modificaci\u00f3n de los art\u00edculos 226, 64, 65, 66, 67, 216, y 364, y la inclusi\u00f3n un art\u00edculo m\u00e1s con miras a dar un mayor reconocimiento a la poblaci\u00f3n campesina y garantizar el acceso y goce efectivo de derechos como la vivienda, la salud y la educaci\u00f3n, adem\u00e1s de recibir apoyo para seguir cultivando la tierra.<\/p>\n<p style=\"text-align: justify;\"><img loading=\"lazy\" decoding=\"async\" src=\"images\/Referendo_campesino_2.jpg\" alt=\"\" width=\"750\" height=\"439\" \/><\/p>\n<p style=\"text-align: justify;\">\u201cNecesitamos cambios para el campo colombiano. Tiene que cambiar esta situaci\u00f3n porque en estos momentos, el campesino ya no se est\u00e1 desplazando por la situaci\u00f3n de violencia, sino que la falta de oportunidades en el campo lo est\u00e1 haciendo regresar de nuevo a las ciudades\u201d, explic\u00f3 sobre este ejercicio Gloria Ram\u00edrez, miembro del comit\u00e9 de impulso en Granada.<\/p>\n<p style=\"text-align: justify;\">El 15 de junio del presente a\u00f1o ser\u00e1 el plazo para presentar las firmas ante la Registradur\u00eda Nacional, por lo que, si usted quiere apoyar esta iniciativa con su firma, puede acercarse a alguno de los delegados municipales para hacerlo.<\/p>\n<p style=\"text-align: justify;\"><iframe loading=\"lazy\" src=\"\/\/www.youtube.com\/embed\/EDYXcdaEkyA\" width=\"560\" height=\"314\" allowfullscreen=\"allowfullscreen\"><\/iframe><\/p>\n","protected":false},"excerpt":{"rendered":"<p>\u00a0<\/p>\n<p style=\"text-align: justify;\">Como una iniciativa de la Asociaci\u00f3n Nacional de Usuarios Campesinos, se tuvo en todo el pa\u00eds, el s\u00e1bado 10 de abril, una jornada de recolecci\u00f3n de firmas que pretende impulsar un referendo en favor de los campesinos.<\/p>\n","protected":false},"author":1,"featured_media":0,"comment_status":"open","ping_status":"open","sticky":false,"template":"","format":"standard","meta":{"footnotes":""},"categories":[19],"tags":[],"class_list":["post-369","post","type-post","status-publish","format-standard","hentry","category-noticias"],"_links":{"self":[{"href":"https:\/\/www.desdegranada.com\/site\/index.php?rest_route=\/wp\/v2\/posts\/369","targetHints":{"allow":["GET"]}}],"collection":[{"href":"https:\/\/www.desdegranada.com\/site\/index.php?rest_route=\/wp\/v2\/posts"}],"about":[{"href":"https:\/\/www.desdegranada.com\/site\/index.php?rest_route=\/wp\/v2\/types\/post"}],"author":[{"embeddable":true,"href":"https:\/\/www.desdegranada.com\/site\/index.php?rest_route=\/wp\/v2\/users\/1"}],"replies":[{"embeddable":true,"href":"https:\/\/www.desdegranada.com\/site\/index.php?rest_route=%2Fwp%2Fv2%2Fcomments&post=369"}],"version-history":[{"count":0,"href":"https:\/\/www.desdegranada.com\/site\/index.php?rest_route=\/wp\/v2\/posts\/369\/revisions"}],"wp:attachment":[{"href":"https:\/\/www.desdegranada.com\/site\/index.php?rest_route=%2Fwp%2Fv2%2Fmedia&parent=369"}],"wp:term":[{"taxonomy":"category","embeddable":true,"href":"https:\/\/www.desdegranada.com\/site\/index.php?rest_route=%2Fwp%2Fv2%2Fcategories&post=369"},{"taxonomy":"post_tag","embeddable":true,"href":"https:\/\/www.desdegranada.com\/site\/index.php?rest_route=%2Fwp%2Fv2%2Ftags&post=369"}],"curies":[{"name":"wp","href":"https:\/\/api.w.org\/{rel}","templated":true}]}}