{"id":370,"date":"2021-04-13T23:21:37","date_gmt":"2021-04-13T23:21:37","guid":{"rendered":"https:\/\/www.desdegranada.com\/site\/?p=370"},"modified":"2021-04-13T23:21:37","modified_gmt":"2021-04-13T23:21:37","slug":"cuales-son-las-excepciones-durante-el-toque-de-queda-que-rige-entre-el-jueves-15-y-el-lunes-19-de-abril","status":"publish","type":"post","link":"https:\/\/www.desdegranada.com\/site\/?p=370","title":{"rendered":"\u00bfCu\u00e1les son las excepciones durante el toque de queda que rige entre el jueves 15 y el lunes 19 de abril?"},"content":{"rendered":"<p style=\"text-align: justify;\">Actualmente en el departamento de Antioquia, la ocupaci\u00f3n de camas UCI es superior al 95% por lo que se han implementado estrategias encaminadas principalmente a cuidar la salud, pero tambi\u00e9n a permitir una relativa normalidad en la din\u00e1mica econ\u00f3mica y social.<\/p>\n<p style=\"text-align: justify;\">Y es que, aunque la coyuntura invita a permanecer en casa y a seguir manteniendo las medidas de prevenci\u00f3n frente a este peligroso virus, es claro que la necesidad obliga a las familias a salir a la calle a buscar su sustento diario. \u00a0<\/p>\n<p style=\"text-align: justify;\">Para hacer frente a este dif\u00edcil momento, el gobernador encargado de Antioquia Luis Fernando Su\u00e1rez ha establecido que medidas como el toque de queda y la ley seca vengan rigiendo durante los \u00faltimos d\u00edas en algunas localidades del departamento, especialmente en el horario nocturno, y para este fin de semana se han a\u00f1adido otras que deber\u00e1n ser acatadas en todo el departamento.<\/p>\n<p style=\"text-align: justify;\"><img decoding=\"async\" src=\"images\/Toque_de_queda_15_de_abril.jpg\" alt=\"\" \/><\/p>\n<p style=\"text-align: justify;\">En ese sentido, las medidas de toque de queda y ley seca que vienen funcionando entre las 8:00p.m y las 5:00a.m del d\u00eda siguiente, tendr\u00e1n vigencia de manera continua a partir de las 8:00p.m del jueves 15 y las 5:00a.m del lunes 19 de abril.<\/p>\n<p style=\"text-align: justify;\">Tendr\u00e1n permiso para su funcionamiento farmacias y establecimientos de comercio, y podr\u00e1n movilizarse quienes est\u00e9n dentro de las excepciones, esto para garantizar el acceso de la poblaci\u00f3n a medicamentos y bienes de primera necesidad.<\/p>\n<ul style=\"text-align: justify;\">\n<li>Graneros, legumbrer\u00edas, farmacias, entidades financieras y de servicios p\u00fablicos, y tiendas agropecuarias, podr\u00e1n abrir hasta las 3:00p.m. Los restaurantes, servicios de comidas r\u00e1pidas, y farmacias, podr\u00e1n hacer domicilios hasta las 9:00p.m.<\/li>\n<li>Transporte p\u00fablico intermunicipal y mototaxis (Solo para personas que est\u00e1n dentro de las excepciones).<\/li>\n<li>Empleados p\u00fablicos.<\/li>\n<li>Personas que requieran cualquier servicio de salud y aquellas agendadas para recibir la vacuna contra el covid 19.<\/li>\n<\/ul>\n<p style=\"text-align: justify;\">La fuerza p\u00fablica estar\u00e1 haciendo control sobre el cumplimiento de las medidas y el seguimiento juicioso de los protocolos de bioseguridad.<\/p>\n","protected":false},"excerpt":{"rendered":"<p style=\"text-align: justify;\">La situaci\u00f3n que atraviesa el pa\u00eds con el tercer pico de la pandemia del covid 19, que ha tra\u00eddo consigo un incremento en el n\u00famero de personas infectadas, ha obligado al Gobierno Nacional, de la mano de los mandatarios departamentales y municipales, a tomar medidas que ayuden a frenar el crecimiento acelerado de contagiados y que permitan un respiro al trabajo desbordado de entidades y empleados de la salud.<\/p>\n","protected":false},"author":1,"featured_media":0,"comment_status":"open","ping_status":"open","sticky":false,"template":"","format":"standard","meta":{"footnotes":""},"categories":[19],"tags":[],"class_list":["post-370","post","type-post","status-publish","format-standard","hentry","category-noticias"],"_links":{"self":[{"href":"https:\/\/www.desdegranada.com\/site\/index.php?rest_route=\/wp\/v2\/posts\/370","targetHints":{"allow":["GET"]}}],"collection":[{"href":"https:\/\/www.desdegranada.com\/site\/index.php?rest_route=\/wp\/v2\/posts"}],"about":[{"href":"https:\/\/www.desdegranada.com\/site\/index.php?rest_route=\/wp\/v2\/types\/post"}],"author":[{"embeddable":true,"href":"https:\/\/www.desdegranada.com\/site\/index.php?rest_route=\/wp\/v2\/users\/1"}],"replies":[{"embeddable":true,"href":"https:\/\/www.desdegranada.com\/site\/index.php?rest_route=%2Fwp%2Fv2%2Fcomments&post=370"}],"version-history":[{"count":0,"href":"https:\/\/www.desdegranada.com\/site\/index.php?rest_route=\/wp\/v2\/posts\/370\/revisions"}],"wp:attachment":[{"href":"https:\/\/www.desdegranada.com\/site\/index.php?rest_route=%2Fwp%2Fv2%2Fmedia&parent=370"}],"wp:term":[{"taxonomy":"category","embeddable":true,"href":"https:\/\/www.desdegranada.com\/site\/index.php?rest_route=%2Fwp%2Fv2%2Fcategories&post=370"},{"taxonomy":"post_tag","embeddable":true,"href":"https:\/\/www.desdegranada.com\/site\/index.php?rest_route=%2Fwp%2Fv2%2Ftags&post=370"}],"curies":[{"name":"wp","href":"https:\/\/api.w.org\/{rel}","templated":true}]}}