{"id":372,"date":"2021-04-15T17:01:12","date_gmt":"2021-04-15T17:01:12","guid":{"rendered":"https:\/\/www.desdegranada.com\/site\/?p=372"},"modified":"2021-04-15T17:01:12","modified_gmt":"2021-04-15T17:01:12","slug":"orlando-aristizabal-de-salir-desplazado-de-su-vereda-a-trabajar-por-su-sueno-de-triunfar-en-la-musica","status":"publish","type":"post","link":"https:\/\/www.desdegranada.com\/site\/?p=372","title":{"rendered":"Orlando Aristiz\u00e1bal, de salir desplazado de su vereda a trabajar por su sue\u00f1o de triunfar en la m\u00fasica"},"content":{"rendered":"<p style=\"text-align: justify;\">Con pasaje prestado, una muda de ropa, unos zapatos y muchos sue\u00f1os, emprendi\u00f3 su viaje a la ciudad de Medell\u00edn, donde esperaba encontrar m\u00e1s apoyo de familiares y amigos. Viendo que tantas puertas se le cerraban, empez\u00f3 a trabajar en lo que resultara: como vendedor bonice, chicles y cigarrillos, y hasta de cotero descargando contenedores.<\/p>\n<p style=\"text-align: justify;\">Hoy en d\u00eda y despu\u00e9s de mucho tiempo, se desempe\u00f1a como conductor de bus, una labor que hace con mucho amor y que alterna con su pasi\u00f3n por la m\u00fasica, cuando en su tiempo libre realiza presentaciones que resultan espor\u00e1dicamente en este tiempo de pandemia.<\/p>\n<p style=\"text-align: justify;\">Su mayor sue\u00f1o es ser un artista reconocido, llegar a cada rinc\u00f3n de Colombia y el mundo. \u201cHacer m\u00fasica que le guste a la gente, siempre con humildad y fe en Dios\u201d, son las palabras de Orlando Aristiz\u00e1bal.<\/p>\n<p style=\"text-align: justify;\">Hace aproximadamente un a\u00f1o viene grabando sus canciones. Al momento cuentan con nueve temas entre las que destacan mujer del mont\u00f3n, la vida es as\u00ed, cruel destino, con las que quiere llegar al coraz\u00f3n de los colombianos y demostrar su talento en la m\u00fasica popular. Pr\u00f3ximamente estrenar\u00e1 dos \u00e9xitos m\u00e1s.<\/p>\n<p style=\"text-align: justify;\">Sigue a Orlando Aristiz\u00e1bal en sus redes sociales:<\/p>\n<p style=\"text-align: justify;\"><strong><em>Facebook:<\/em><\/strong> Orlando Aristiz\u00e1bal.<\/p>\n<p style=\"text-align: justify;\"><strong><em>Instagram:<\/em><\/strong> Orlandoaristizabal68.<\/p>\n<p style=\"text-align: justify;\"><a href=\"https:\/\/www.youtube.com\/channel\/UC7huRkLCPca0rooKuyb2mzw\/featured\" target=\"_blank\" rel=\"noopener noreferrer\">Visitar canal de youtube<\/a><\/p>\n","protected":false},"excerpt":{"rendered":"<p style=\"text-align: justify;\">Oriundo de la vereda La Linda e hijo de Pedro Emilio Aristiz\u00e1bal y Mar\u00eda Claudina Nore\u00f1a, Orlando creci\u00f3 escuchando m\u00fasica al lado de su padre, cuando en los bares y cantinas sonaban las Llaves de Oro, Las Estrellitas, Luis Alberto Posada y Dar\u00edo G\u00f3mez. All\u00ed, entre copas creci\u00f3 el amor por la m\u00fasica de este granadino, que como muchos otros campesinos de este oriente antioque\u00f1o tuvo que salir desplazado de su vereda.<\/p>\n","protected":false},"author":1,"featured_media":0,"comment_status":"open","ping_status":"open","sticky":false,"template":"","format":"standard","meta":{"footnotes":""},"categories":[20],"tags":[],"class_list":["post-372","post","type-post","status-publish","format-standard","hentry","category-columnistas"],"_links":{"self":[{"href":"https:\/\/www.desdegranada.com\/site\/index.php?rest_route=\/wp\/v2\/posts\/372","targetHints":{"allow":["GET"]}}],"collection":[{"href":"https:\/\/www.desdegranada.com\/site\/index.php?rest_route=\/wp\/v2\/posts"}],"about":[{"href":"https:\/\/www.desdegranada.com\/site\/index.php?rest_route=\/wp\/v2\/types\/post"}],"author":[{"embeddable":true,"href":"https:\/\/www.desdegranada.com\/site\/index.php?rest_route=\/wp\/v2\/users\/1"}],"replies":[{"embeddable":true,"href":"https:\/\/www.desdegranada.com\/site\/index.php?rest_route=%2Fwp%2Fv2%2Fcomments&post=372"}],"version-history":[{"count":0,"href":"https:\/\/www.desdegranada.com\/site\/index.php?rest_route=\/wp\/v2\/posts\/372\/revisions"}],"wp:attachment":[{"href":"https:\/\/www.desdegranada.com\/site\/index.php?rest_route=%2Fwp%2Fv2%2Fmedia&parent=372"}],"wp:term":[{"taxonomy":"category","embeddable":true,"href":"https:\/\/www.desdegranada.com\/site\/index.php?rest_route=%2Fwp%2Fv2%2Fcategories&post=372"},{"taxonomy":"post_tag","embeddable":true,"href":"https:\/\/www.desdegranada.com\/site\/index.php?rest_route=%2Fwp%2Fv2%2Ftags&post=372"}],"curies":[{"name":"wp","href":"https:\/\/api.w.org\/{rel}","templated":true}]}}