{"id":373,"date":"2021-04-15T20:16:29","date_gmt":"2021-04-15T20:16:29","guid":{"rendered":"https:\/\/www.desdegranada.com\/site\/?p=373"},"modified":"2021-04-15T20:16:29","modified_gmt":"2021-04-15T20:16:29","slug":"piensa-viajar-el-fin-de-semana-entre-granada-y-medellin-atencion-a-los-horarios-de-flota-granada","status":"publish","type":"post","link":"https:\/\/www.desdegranada.com\/site\/?p=373","title":{"rendered":"\u00bfPiensa viajar el fin de semana entre Granada y Medell\u00edn? Atenci\u00f3n a los horarios de Flota Granada"},"content":{"rendered":"<p style=\"text-align: justify;\">Obedeciendo al toque de queda decretado por el gobernador encargado de Antioquia, Luis Fernando Su\u00e1rez y que regir\u00e1 de manera continua entre el jueves 15 abril a las 8:00p.m y el lunes 19 de abril\u00a0 a las 5:00a.m, la Flota Granada ha ajustado sus horarios para el despacho de veh\u00edculos entre Granada y Medell\u00edn.<\/p>\n<p style=\"text-align: justify;\"><img decoding=\"async\" src=\"images\/Horarios_Flota_Granada_16_al_18_de_abril_2.jpg\" alt=\"\" \/><\/p>\n<p style=\"text-align: justify;\">Por tal motivo, los d\u00edas viernes 16, s\u00e1bado 17 y domingo 18 de abril, la empresa de transporte prestar\u00e1 servicio de bus en los siguientes horarios:<\/p>\n<p style=\"text-align: justify;\"><strong><em>Granada \u2013 Medell\u00edn\u00a0\u00a0\u00a0\u00a0\u00a0\u00a0\u00a0\u00a0\u00a0\u00a0\u00a0\u00a0\u00a0\u00a0\u00a0\u00a0\u00a0\u00a0\u00a0\u00a0\u00a0\u00a0\u00a0\u00a0\u00a0\u00a0\u00a0\u00a0\u00a0\u00a0\u00a0\u00a0\u00a0 Medell\u00edn &#8211; Granada<\/em><\/strong><\/p>\n<p style=\"text-align: justify;\">5:30 a.m\u00a0\u00a0\u00a0\u00a0\u00a0\u00a0\u00a0\u00a0\u00a0\u00a0\u00a0\u00a0\u00a0\u00a0\u00a0\u00a0\u00a0\u00a0\u00a0\u00a0\u00a0\u00a0\u00a0\u00a0\u00a0\u00a0\u00a0\u00a0\u00a0\u00a0\u00a0\u00a0\u00a0\u00a0\u00a0\u00a0\u00a0\u00a0\u00a0\u00a0\u00a0\u00a0\u00a0\u00a0\u00a0\u00a0\u00a0\u00a0\u00a0\u00a0\u00a0\u00a0\u00a0\u00a0 5:20 a.m<\/p>\n<p style=\"text-align: justify;\">7:00 a.m\u00a0\u00a0\u00a0\u00a0\u00a0\u00a0\u00a0\u00a0\u00a0\u00a0\u00a0\u00a0\u00a0\u00a0\u00a0\u00a0\u00a0\u00a0\u00a0\u00a0\u00a0\u00a0\u00a0\u00a0\u00a0\u00a0\u00a0\u00a0\u00a0\u00a0\u00a0\u00a0\u00a0\u00a0\u00a0\u00a0\u00a0\u00a0\u00a0\u00a0\u00a0\u00a0\u00a0\u00a0\u00a0\u00a0\u00a0\u00a0\u00a0\u00a0\u00a0\u00a0\u00a0\u00a0 6:00 a.m<\/p>\n<p style=\"text-align: justify;\">10:00 a.m\u00a0\u00a0\u00a0\u00a0\u00a0\u00a0\u00a0\u00a0\u00a0\u00a0\u00a0\u00a0\u00a0\u00a0\u00a0\u00a0\u00a0\u00a0\u00a0\u00a0\u00a0\u00a0\u00a0\u00a0\u00a0\u00a0\u00a0\u00a0\u00a0\u00a0\u00a0\u00a0\u00a0\u00a0\u00a0\u00a0\u00a0\u00a0\u00a0\u00a0\u00a0\u00a0\u00a0\u00a0\u00a0\u00a0\u00a0\u00a0\u00a0\u00a0\u00a0\u00a0 8:45 a.m<\/p>\n<p style=\"text-align: justify;\">1:00 p.m\u00a0\u00a0\u00a0\u00a0\u00a0\u00a0\u00a0\u00a0\u00a0\u00a0\u00a0\u00a0\u00a0\u00a0\u00a0\u00a0\u00a0\u00a0\u00a0\u00a0\u00a0\u00a0\u00a0\u00a0\u00a0\u00a0\u00a0\u00a0\u00a0\u00a0\u00a0\u00a0\u00a0\u00a0\u00a0\u00a0\u00a0\u00a0\u00a0\u00a0\u00a0\u00a0\u00a0\u00a0\u00a0\u00a0\u00a0\u00a0\u00a0\u00a0\u00a0\u00a0\u00a0\u00a0 11:50 a.m<\/p>\n<p style=\"text-align: justify;\">4:00 p.m \u00a0\u00a0\u00a0\u00a0\u00a0\u00a0\u00a0\u00a0\u00a0\u00a0\u00a0\u00a0\u00a0\u00a0\u00a0\u00a0\u00a0\u00a0\u00a0\u00a0\u00a0\u00a0\u00a0\u00a0\u00a0\u00a0\u00a0\u00a0\u00a0\u00a0\u00a0\u00a0\u00a0\u00a0\u00a0\u00a0\u00a0\u00a0\u00a0\u00a0\u00a0\u00a0\u00a0\u00a0\u00a0\u00a0\u00a0\u00a0\u00a0\u00a0\u00a0\u00a0\u00a0 3:45 p.m<\/p>\n<p style=\"text-align: justify;\">5:00 p.m\u00a0\u00a0\u00a0\u00a0\u00a0\u00a0\u00a0\u00a0\u00a0\u00a0\u00a0\u00a0\u00a0\u00a0\u00a0\u00a0\u00a0\u00a0\u00a0\u00a0\u00a0\u00a0\u00a0\u00a0\u00a0\u00a0\u00a0\u00a0\u00a0\u00a0\u00a0\u00a0\u00a0\u00a0\u00a0\u00a0\u00a0\u00a0\u00a0\u00a0\u00a0\u00a0\u00a0\u00a0\u00a0\u00a0\u00a0\u00a0\u00a0\u00a0\u00a0\u00a0\u00a0\u00a0 6:00 p.m<\/p>\n<p style=\"text-align: justify;\">Es de anotar que durante los tres d\u00edas en que estar\u00e1 vigente la medida, s\u00f3lo se podr\u00e1n movilizar pasajeros que est\u00e9n dentro de las excepciones.<\/p>\n","protected":false},"excerpt":{"rendered":"<p style=\"text-align: justify;\">Las medidas adoptadas por el gobierno departamental para seguir haciendo frente al tercer pico de la pandemia del covid 19 que azota el pa\u00eds, ha hecho que tanto empresas como personas replanteen sus actividades durante estos d\u00edas.<\/p>\n","protected":false},"author":1,"featured_media":0,"comment_status":"open","ping_status":"open","sticky":false,"template":"","format":"standard","meta":{"footnotes":""},"categories":[19],"tags":[],"class_list":["post-373","post","type-post","status-publish","format-standard","hentry","category-noticias"],"_links":{"self":[{"href":"https:\/\/www.desdegranada.com\/site\/index.php?rest_route=\/wp\/v2\/posts\/373","targetHints":{"allow":["GET"]}}],"collection":[{"href":"https:\/\/www.desdegranada.com\/site\/index.php?rest_route=\/wp\/v2\/posts"}],"about":[{"href":"https:\/\/www.desdegranada.com\/site\/index.php?rest_route=\/wp\/v2\/types\/post"}],"author":[{"embeddable":true,"href":"https:\/\/www.desdegranada.com\/site\/index.php?rest_route=\/wp\/v2\/users\/1"}],"replies":[{"embeddable":true,"href":"https:\/\/www.desdegranada.com\/site\/index.php?rest_route=%2Fwp%2Fv2%2Fcomments&post=373"}],"version-history":[{"count":0,"href":"https:\/\/www.desdegranada.com\/site\/index.php?rest_route=\/wp\/v2\/posts\/373\/revisions"}],"wp:attachment":[{"href":"https:\/\/www.desdegranada.com\/site\/index.php?rest_route=%2Fwp%2Fv2%2Fmedia&parent=373"}],"wp:term":[{"taxonomy":"category","embeddable":true,"href":"https:\/\/www.desdegranada.com\/site\/index.php?rest_route=%2Fwp%2Fv2%2Fcategories&post=373"},{"taxonomy":"post_tag","embeddable":true,"href":"https:\/\/www.desdegranada.com\/site\/index.php?rest_route=%2Fwp%2Fv2%2Ftags&post=373"}],"curies":[{"name":"wp","href":"https:\/\/api.w.org\/{rel}","templated":true}]}}