{"id":374,"date":"2021-04-16T14:02:14","date_gmt":"2021-04-16T14:02:14","guid":{"rendered":"https:\/\/www.desdegranada.com\/site\/?p=374"},"modified":"2021-04-16T14:02:14","modified_gmt":"2021-04-16T14:02:14","slug":"talento-musical-desde-la-vereda-los-medios-efrain-lopez-el-malicioso-feliz","status":"publish","type":"post","link":"https:\/\/www.desdegranada.com\/site\/?p=374","title":{"rendered":"Talento musical desde la vereda Los Medios: Efra\u00edn L\u00f3pez \u201cEl malicioso Feliz\u201d"},"content":{"rendered":"<p style=\"text-align: justify;\"><img decoding=\"async\" src=\"images\/Efrain_Chocolo_2.jpg\" alt=\"\" \/><\/p>\n<p style=\"text-align: justify;\">\u00c9l, es familiar de los \u201cChocolos\u201d. Por ejemplo, Juli\u00e1n, un primo suyo, a inicios del a\u00f1o 2000 fue conocido en Granada por su astucia en la trova y de la misma manera, Efra\u00edn es un enamorado de los versos y el repentismo. Es por eso que sus presentaciones, inicialmente, eran en escenarios junto a otros compa\u00f1eros haciendo trova, lo que actualmente le facilita para componer todas sus canciones.<\/p>\n<p style=\"text-align: justify;\">Alguien, alg\u00fan d\u00eda le cont\u00f3 una historia con la cual decidi\u00f3 construir una canci\u00f3n, y as\u00ed, lleva ya 90 canciones grabadas de los g\u00e9neros popular, parrandera y tropical, entre ellas la \u00faltima que es dedicada a Granada llamada \u201cEl Retorno\u201d.<\/p>\n<p style=\"text-align: justify;\"><iframe loading=\"lazy\" src=\"\/\/www.youtube.com\/embed\/2B4DPP_qMLw\" width=\"560\" height=\"314\" allowfullscreen=\"allowfullscreen\"><\/iframe><\/p>\n<p style=\"text-align: justify;\">Desde los medios de comunicaci\u00f3n comunitarios, queremos dar a conocer estas historias y ser un escenario que ayude a que los paisanos que poseen alg\u00fan talento art\u00edstico se sigan proyectando.<\/p>\n","protected":false},"excerpt":{"rendered":"<p style=\"text-align: justify;\">Continuando en la din\u00e1mica de dar a conocer a los artistas de nuestro municipio, que con su talento ayudan al crecimiento de la cultura y dan protagonismo a Granada, hoy el turno es para Efra\u00edn L\u00f3pez \u201cEl malicioso Feliz\u201d, un artista que vivi\u00f3 su infancia en la vereda Los Medios.<\/p>\n","protected":false},"author":1,"featured_media":0,"comment_status":"open","ping_status":"open","sticky":false,"template":"","format":"standard","meta":{"footnotes":""},"categories":[19],"tags":[],"class_list":["post-374","post","type-post","status-publish","format-standard","hentry","category-noticias"],"_links":{"self":[{"href":"https:\/\/www.desdegranada.com\/site\/index.php?rest_route=\/wp\/v2\/posts\/374","targetHints":{"allow":["GET"]}}],"collection":[{"href":"https:\/\/www.desdegranada.com\/site\/index.php?rest_route=\/wp\/v2\/posts"}],"about":[{"href":"https:\/\/www.desdegranada.com\/site\/index.php?rest_route=\/wp\/v2\/types\/post"}],"author":[{"embeddable":true,"href":"https:\/\/www.desdegranada.com\/site\/index.php?rest_route=\/wp\/v2\/users\/1"}],"replies":[{"embeddable":true,"href":"https:\/\/www.desdegranada.com\/site\/index.php?rest_route=%2Fwp%2Fv2%2Fcomments&post=374"}],"version-history":[{"count":0,"href":"https:\/\/www.desdegranada.com\/site\/index.php?rest_route=\/wp\/v2\/posts\/374\/revisions"}],"wp:attachment":[{"href":"https:\/\/www.desdegranada.com\/site\/index.php?rest_route=%2Fwp%2Fv2%2Fmedia&parent=374"}],"wp:term":[{"taxonomy":"category","embeddable":true,"href":"https:\/\/www.desdegranada.com\/site\/index.php?rest_route=%2Fwp%2Fv2%2Fcategories&post=374"},{"taxonomy":"post_tag","embeddable":true,"href":"https:\/\/www.desdegranada.com\/site\/index.php?rest_route=%2Fwp%2Fv2%2Ftags&post=374"}],"curies":[{"name":"wp","href":"https:\/\/api.w.org\/{rel}","templated":true}]}}