{"id":375,"date":"2021-04-17T14:26:30","date_gmt":"2021-04-17T14:26:30","guid":{"rendered":"https:\/\/www.desdegranada.com\/site\/?p=375"},"modified":"2021-04-17T14:26:30","modified_gmt":"2021-04-17T14:26:30","slug":"ferney-giraldo-miro-impecable-orden-y-talento-artistico-al-servicio-de-la-parroquia-santa-barbara","status":"publish","type":"post","link":"https:\/\/www.desdegranada.com\/site\/?p=375","title":{"rendered":"Ferney Giraldo \u2018Miro\u2019. Impecable orden y talento art\u00edstico al servicio de la Parroquia Santa B\u00e1rbara"},"content":{"rendered":"<p style=\"text-align: justify;\">\u201cLaboro en el despacho desde noviembre del a\u00f1o 2000, pr\u00e1cticamente, ocho d\u00edas despu\u00e9s de que sucedi\u00f3 la masacre de los paramilitares, \u00bfpor qu\u00e9 llegue aqu\u00ed? Resulta que en ese tiempo mataron al sacrist\u00e1n y tambi\u00e9n a mi padre\u201d.<\/p>\n<p style=\"text-align: justify;\">Luego de la partida de su padre a ese lugar en el que se guarda la ilusi\u00f3n tener un reencuentro feliz, como hijo mayor sent\u00eda la responsabilidad de buscar un empleo que ayudara con el sustento del hogar y para fortuna \u201cuna religiosa franciscana, viendo la necesidad que yo ten\u00eda en el momento por la muerte de mi pap\u00e1, me anim\u00f3 a que hablara con monse\u00f1or Laureano Toro, que era el p\u00e1rroco del momento, para que me diera el trabajo de sacrist\u00e1n. Habl\u00e9 con \u00e9l y pr\u00e1cticamente a los ocho d\u00edas llegu\u00e9 a laborar a la iglesia como el sacrist\u00e1n\u201d.<\/p>\n<p style=\"text-align: justify;\">Por alrededor de 6 a\u00f1os, la alarma de Ferney son\u00f3 antes de las cinco de la ma\u00f1ana, indicando que deb\u00eda dirigirse a abrir los templos, tocar las campanas invitando para el rosario, hacer las lecturas en la eucarist\u00eda por si no resultaba ning\u00fan lector y en ocasiones hacer las veces de acolito, entre otras funciones que desempe\u00f1\u00f3.<\/p>\n<p style=\"text-align: justify;\"><img loading=\"lazy\" decoding=\"async\" src=\"images\/Miro_3.jpg\" width=\"750\" height=\"439\" \/><\/p>\n<p style=\"text-align: justify;\">Los micr\u00f3fonos de Granada Stereo tambi\u00e9n hicieron parte de su recorrido, en donde labor\u00f3 por tres a\u00f1os, tiempo del que recuerda los especiales de fin de a\u00f1o, en los que junto con sus compa\u00f1eros llev\u00f3 alegr\u00eda a los oyentes.<\/p>\n<p style=\"text-align: justify;\">Es com\u00fan escuchar decir en los mayores que quien realiza bien su trabajo deja una puerta abierta, y quiz\u00e1s esta sea la raz\u00f3n para que monse\u00f1or Jos\u00e9 David Henao considerara a Miro al necesitar un secretario o secretaria para el despacho parroquial, \u201cya que la que laboraba, se estaba retirando y yo era \u00e9l que reemplazaba las vacaciones de ella. Entonces estando en la emisora en un programa con \u00e9l, me ofreci\u00f3 que me viniera trabajar ac\u00e1 y llegue en octubre de 2008\u201d.\u00a0<\/p>\n<p style=\"text-align: justify;\">Elaborar partidas de matrimonio y de confirmaci\u00f3n son s\u00f3lo una de las labores que Miro realiza como secretario del despacho parroquial. Ferney, siendo el sacrist\u00e1n le ayudaba a don Fernando Piedrah\u00edta a hacer las decoraciones en los templos, \u201clleg\u00f3 el d\u00eda que \u00e9l no pudo seguir trabajando en la iglesia y, viendo la necesidad de que alguien se encargara de esta labor, tome la iniciativa de seguir encabezando todo el tema de decoraci\u00f3n\u201d.<\/p>\n<p style=\"text-align: justify;\"><img loading=\"lazy\" decoding=\"async\" src=\"images\/Miro_1.jpg\" alt=\"\" width=\"750\" height=\"439\" \/><\/p>\n<p style=\"text-align: justify;\">Con metro en mano calcula cada dimensi\u00f3n y dialoga con sus compa\u00f1eros de trabajo hasta estar seguro que hablan el mismo lenguaje. Durante la Semana Santa, acompa\u00f1an a la Virgen Mar\u00eda en los dolores que sinti\u00f3 por su hijo Jesucristo. Saben que llegan a los templos al despuntar los primeros rayos del sol y que deben hacer la labor de coteros, carpinteros, magos a la hora de cambiar de escenario para cada altar, pero la hora de regreso a casa es incierta, y en este corre-corre, de hacer magia y descrestar a cada asistente a las celebraciones, Ferney ya lleva 15 a\u00f1os.\u00a0<\/p>\n<p style=\"text-align: justify;\">Es habitual que en cada parroquia haya dos secretarios por la cantidad de documentos que solicita la comunidad \u201cy muchos me dicen: que pinchado, la secretaria del secretario, y no es eso. Es una trabajadora m\u00e1s de la parroquia, que viene a darle la mano a la parroquia, en este caso Deicy que est\u00e1 conmigo, la que me ayuda en los trabajos del despacho cuando yo debo ir al templo a desarrollar alguna decoraci\u00f3n\u201d. Ay se\u00f1or! que dolor, pobre secretario\u2026 Creo que le falte poco para enloquecer.<\/p>\n<p style=\"text-align: justify;\">Deben de ser los 21 a\u00f1os que lleva ya haciendo parte de la parroquia los que hacen que \u201cuno fuera como otro sacerdote m\u00e1s, atendiendo a la comunidad. No faltan las personas que se le quejen a uno, hasta tratan de comentarle esas cositas que deben coment\u00e1rselas al sacerdote, casi que confes\u00e1ndose con uno y yo c\u00f3mo as\u00ed por Dios.\u201d<\/p>\n<p style=\"text-align: justify;\"><img loading=\"lazy\" decoding=\"async\" src=\"images\/Miro_2.jpg\" alt=\"\" width=\"750\" height=\"439\" \/><\/p>\n<p style=\"text-align: justify;\">En cada decoraci\u00f3n se puede apreciar la dedicaci\u00f3n y planeaci\u00f3n que con varios meses de antelaci\u00f3n realiza y algunos mencionan que esta destreza la heredo de su madre, y bien dicen que lo que se hereda no se hurta. \u201cElla es muy organizadita, mi mam\u00e1 va a hacer una decoraci\u00f3n en navidad y la hace muy bonita, puede que ah\u00ed empez\u00f3 la chispa, la chispita que uno no sab\u00eda que la ten\u00eda y de la mano de don Fernando y el Padre Pedro Nel Quinch\u00eda, que tambi\u00e9n le gustaba este tema, se despert\u00f3\u201d. \u00a0<\/p>\n<p style=\"text-align: justify;\">Lo m\u00e1s gratificante de su labor como secretario \u201ces ver que llega la gente a preguntar que se necesita para esto o aquello, y que les d\u00e9 uno la respuesta que debe ser y salgan contentos y felices, sabiendo que se les atendi\u00f3 bien y se les busc\u00f3 y encontr\u00f3 y entreg\u00f3 lo que quer\u00edan\u201d.<\/p>\n<p style=\"text-align: justify;\">Miro, menciona que la mejor recompensa en lo decorativo \u201ces ver que la gente lleg\u00f3 y empez\u00f3 a tomarle sus fotos a las decoraciones, escucha uno cuando va a destapar el monumento que dicen wow o el uuufffff, cosas as\u00ed. Los gestos que hace la gente cuando les impresiona algo, eso es muy gratificante, saber que lo que se hizo s\u00ed gusto\u201d.<\/p>\n<p style=\"text-align: justify;\">Es com\u00fan que los padres dejen a un lado sus aspiraciones y prioricen el bienestar de sus descendientes \u201cyo tengo tres hijos, y l\u00f3gicamente, uno sue\u00f1a con verlos crecer, graduaditos, que estudien su universidad, que sean profesionales y fuera de eso, a uno le agrada mucho escuchar de ellos que bueno pap\u00e1 venir a hacer aqu\u00ed lo que usted hace, ayudarle a hacer las decoraciones. Eso es muy gratificante escucharlo de los hijos de uno, que quieran seguir lo que est\u00e1 haciendo uno, l\u00f3gicamente uno espera que sigan lo mejor de uno y uno quiere pr\u00e1cticamente que los hijos cojan su buen camino, sea lo que sea que hagan, que lo hagan bien, lo hagan de la mejor manera\u201d.<\/p>\n","protected":false},"excerpt":{"rendered":"<p style=\"text-align: justify;\">En la memoria de Ferney Giraldo y los granadinos a\u00fan perdura el recuerdo de ese 3 de noviembre que se pint\u00f3 de gris, y desde aquel d\u00eda siempre al mirar al cielo se escapa un suspiro e implora una bendici\u00f3n desde lo alto.<\/p>\n","protected":false},"author":1,"featured_media":0,"comment_status":"open","ping_status":"open","sticky":false,"template":"","format":"standard","meta":{"footnotes":""},"categories":[20],"tags":[],"class_list":["post-375","post","type-post","status-publish","format-standard","hentry","category-columnistas"],"_links":{"self":[{"href":"https:\/\/www.desdegranada.com\/site\/index.php?rest_route=\/wp\/v2\/posts\/375","targetHints":{"allow":["GET"]}}],"collection":[{"href":"https:\/\/www.desdegranada.com\/site\/index.php?rest_route=\/wp\/v2\/posts"}],"about":[{"href":"https:\/\/www.desdegranada.com\/site\/index.php?rest_route=\/wp\/v2\/types\/post"}],"author":[{"embeddable":true,"href":"https:\/\/www.desdegranada.com\/site\/index.php?rest_route=\/wp\/v2\/users\/1"}],"replies":[{"embeddable":true,"href":"https:\/\/www.desdegranada.com\/site\/index.php?rest_route=%2Fwp%2Fv2%2Fcomments&post=375"}],"version-history":[{"count":0,"href":"https:\/\/www.desdegranada.com\/site\/index.php?rest_route=\/wp\/v2\/posts\/375\/revisions"}],"wp:attachment":[{"href":"https:\/\/www.desdegranada.com\/site\/index.php?rest_route=%2Fwp%2Fv2%2Fmedia&parent=375"}],"wp:term":[{"taxonomy":"category","embeddable":true,"href":"https:\/\/www.desdegranada.com\/site\/index.php?rest_route=%2Fwp%2Fv2%2Fcategories&post=375"},{"taxonomy":"post_tag","embeddable":true,"href":"https:\/\/www.desdegranada.com\/site\/index.php?rest_route=%2Fwp%2Fv2%2Ftags&post=375"}],"curies":[{"name":"wp","href":"https:\/\/api.w.org\/{rel}","templated":true}]}}