{"id":376,"date":"2021-04-21T21:11:30","date_gmt":"2021-04-21T21:11:30","guid":{"rendered":"https:\/\/www.desdegranada.com\/site\/?p=376"},"modified":"2021-04-21T21:11:30","modified_gmt":"2021-04-21T21:11:30","slug":"comunidad-de-la-vereda-el-vergel-conmemoro-los-veinte-anos-de-la-masacre-de-7-de-sus-lideres-por-parte-de-los-paramilitares","status":"publish","type":"post","link":"https:\/\/www.desdegranada.com\/site\/?p=376","title":{"rendered":"Comunidad de la vereda El Vergel conmemor\u00f3 los veinte a\u00f1os de la masacre de 7 de sus l\u00edderes por parte de los paramilitares"},"content":{"rendered":"<p style=\"text-align: justify;\">Siete luces, cada una de ellas acompa\u00f1ada por una frase que representaba a las v\u00edctimas, que eran padres, hijos, hermanos, desfilaron hasta donde estaba el altar.\u00a0 El acto continu\u00f3 con un recorrido hacia el lugar en donde est\u00e1 ubicado el monumento que los habitantes de la vereda construyeron a\u00f1os atr\u00e1s en homenaje a sus l\u00edderes arrebatados por la guerra; all\u00ed se realiz\u00f3 la siembra de siete \u00e1rboles que, igualmente, simbolizan a cada uno de los campesinos lideres que perdieron la vida aquel fat\u00eddico 20 de abril de 2001, pero que hoy 20 a\u00f1os despu\u00e9s, a\u00fan viven en la memoria de sus familiares y paisanos.<\/p>\n<p style=\"text-align: justify;\"><img loading=\"lazy\" decoding=\"async\" src=\"images\/20_aos_masacre_El_Vergel_1.jpg\" width=\"750\" height=\"439\" \/><\/p>\n<p style=\"text-align: justify;\">Mientas labraba la tierra para la siembra de cada uno de los \u00e1rboles, que seguir\u00e1n manteniendo vivo el recuerdo de sus l\u00edderes, los asistentes enviaban mensajes a sus h\u00e9roes. \u201cAl sembrar este \u00e1rbol, el cual representa toda la esencia viva, queremos recordarlos, porque, aunque su presencia f\u00edsica ya no est\u00e1, seguiremos unidos por los hilos del amor que profesaron a sus familias y los v\u00ednculos imborrables que dejaron huella en la comunidad\u201d.<\/p>\n<p style=\"text-align: justify;\"><img loading=\"lazy\" decoding=\"async\" src=\"images\/20_aos_masacre_El_Vergel_2.jpg\" alt=\"\" width=\"750\" height=\"439\" \/><\/p>\n<p style=\"text-align: justify;\">20 a\u00f1os despu\u00e9s los lideres de la comunidad, coinciden en que la mejor manera de honrar la memoria de sus coterr\u00e1neos \u201ces continuar con el legado que nos dejaron estos siete ilustres campesinos, amigos que eran como hermanos. Permanecer en el campo trabajando y seguir luchando para que la vereda siga creciendo y sus habitantes tengamos una vida digna\u201d.<\/p>\n<p style=\"text-align: justify;\">En video:\u00a0<\/p>\n<p style=\"text-align: justify;\"><iframe loading=\"lazy\" src=\"\/\/www.youtube.com\/embed\/Uycj7nt-nHw\" width=\"560\" height=\"314\" allowfullscreen=\"allowfullscreen\"><\/iframe><\/p>\n<p style=\"text-align: justify;\"><iframe loading=\"lazy\" src=\"\/\/www.youtube.com\/embed\/gbaiZef0BK0\" width=\"560\" height=\"314\" allowfullscreen=\"allowfullscreen\"><\/iframe><\/p>\n<p style=\"text-align: justify;\"><iframe loading=\"lazy\" src=\"\/\/www.youtube.com\/embed\/EJ5BUej-8qQ\" width=\"560\" height=\"314\" allowfullscreen=\"allowfullscreen\"><\/iframe><\/p>\n<p style=\"text-align: justify;\">\u00a0<\/p>\n","protected":false},"excerpt":{"rendered":"<p style=\"text-align: justify;\">Con la celebraci\u00f3n de una eucarist\u00eda, instituciones, familiares y comunidad en general conmemoraron los 20 a\u00f1os de la masacre paramilitar en la vereda El Vergel.<\/p>\n","protected":false},"author":1,"featured_media":0,"comment_status":"open","ping_status":"open","sticky":false,"template":"","format":"standard","meta":{"footnotes":""},"categories":[19],"tags":[],"class_list":["post-376","post","type-post","status-publish","format-standard","hentry","category-noticias"],"_links":{"self":[{"href":"https:\/\/www.desdegranada.com\/site\/index.php?rest_route=\/wp\/v2\/posts\/376","targetHints":{"allow":["GET"]}}],"collection":[{"href":"https:\/\/www.desdegranada.com\/site\/index.php?rest_route=\/wp\/v2\/posts"}],"about":[{"href":"https:\/\/www.desdegranada.com\/site\/index.php?rest_route=\/wp\/v2\/types\/post"}],"author":[{"embeddable":true,"href":"https:\/\/www.desdegranada.com\/site\/index.php?rest_route=\/wp\/v2\/users\/1"}],"replies":[{"embeddable":true,"href":"https:\/\/www.desdegranada.com\/site\/index.php?rest_route=%2Fwp%2Fv2%2Fcomments&post=376"}],"version-history":[{"count":0,"href":"https:\/\/www.desdegranada.com\/site\/index.php?rest_route=\/wp\/v2\/posts\/376\/revisions"}],"wp:attachment":[{"href":"https:\/\/www.desdegranada.com\/site\/index.php?rest_route=%2Fwp%2Fv2%2Fmedia&parent=376"}],"wp:term":[{"taxonomy":"category","embeddable":true,"href":"https:\/\/www.desdegranada.com\/site\/index.php?rest_route=%2Fwp%2Fv2%2Fcategories&post=376"},{"taxonomy":"post_tag","embeddable":true,"href":"https:\/\/www.desdegranada.com\/site\/index.php?rest_route=%2Fwp%2Fv2%2Ftags&post=376"}],"curies":[{"name":"wp","href":"https:\/\/api.w.org\/{rel}","templated":true}]}}