{"id":377,"date":"2021-04-22T21:39:09","date_gmt":"2021-04-22T21:39:09","guid":{"rendered":"https:\/\/www.desdegranada.com\/site\/?p=377"},"modified":"2021-04-22T21:39:09","modified_gmt":"2021-04-22T21:39:09","slug":"en-su-arado-y-en-su-cabeza-cesar-malojo-produce-lo-que-lo-hace-feliz-rimas-y-comida","status":"publish","type":"post","link":"https:\/\/www.desdegranada.com\/site\/?p=377","title":{"rendered":"En su arado y en su cabeza Cesar \u2018Malojo\u2019 produce lo que lo hace feliz: rimas y comida"},"content":{"rendered":"<p style=\"text-align: justify;\">Tambi\u00e9n posee una habilidad especial para crear rimas y cuentos acerca de la actualidad del pa\u00eds y del mundo o de cualquier tema que se le pasa por la cabeza.<\/p>\n<p style=\"text-align: justify;\">\u201cYo vengo de las ca\u00f1adas, del centro de la monta\u00f1a<\/p>\n<p style=\"text-align: justify;\">donde en mi tierra se ve pl\u00e1tano, caf\u00e9 y ca\u00f1a<\/p>\n<p style=\"text-align: justify;\">miremos la agricultura, lo bella que es pa nosotros<\/p>\n<p style=\"text-align: justify;\">que nos pone a producir y nos alimenta mucho.<\/p>\n<p style=\"text-align: justify;\">Y el trabajo que invertimos, puede ser hasta muy poco<\/p>\n<p style=\"text-align: justify;\">y hoy en d\u00eda hablemos del caf\u00e9, que es un gran productor<\/p>\n<p style=\"text-align: justify;\">y miremos el dinero que tiene tambi\u00e9n buen valor<\/p>\n<p style=\"text-align: justify;\">y nos vamos pa la ca\u00f1a, tambi\u00e9n lo mismo del pl\u00e1tano<\/p>\n<p style=\"text-align: justify;\">mire como son de ricos en patacones baratos\u201d\u2026<\/p>\n<p style=\"text-align: justify;\">Recita don Cesar antes de ahondar en su gusto por idear historias y continuar hablando de su vida.<\/p>\n<p style=\"text-align: justify;\">\u201cMe encanta, me encanta. No me gusta tener esto como fruto pa vivir sino pal d\u00eda que otro me toree, tener con que defend\u00e9rmele\u201d, comenta sobre su capacidad de improvisar y construir relatos, aunque no sabe escribir. \u201cEn la cabeza yo los comienzo y los voy actuando. Me gusta poner a volar la mente y me encanta ponerme a sacar un verso de todo. Yo a lo que va pasando, le voy sacando su repertorio\u201d.<\/p>\n<p style=\"text-align: justify;\">\u2018Malojo\u2019, como tambi\u00e9n es conocido don Cesar, es un agradecido de la vida a pesar a las dificultades que puedan presentarse en el camino. Ama a su pueblo y a la tierra que le permite obtener su sustento para cada d\u00eda. \u201cSi la tierra no es sagrada, no hay sagrado nada\u201d, dice llev\u00e1ndose la mano a la cabeza para acomodar su sombrero, y contin\u00faa \u201cme siento orgulloso de ser campesino. Me siento bien y me siento feliz. Y si no fuera por la tierra, yo no hubiera levantado siete hijos, y mucha gente me ayudar\u00eda por ah\u00ed con comidita, pero la mayor\u00eda me la consegu\u00ed yo\u201d.<\/p>\n<p style=\"text-align: justify;\">Recolectar caf\u00e9, cargar ca\u00f1a y dem\u00e1s labores del campo, las realiz\u00f3 antes trabajar por su cuenta con el caf\u00e9. \u201cAprendimos muchas cosas y despu\u00e9s ya nos pusimos a trabajar de cuenta de nosotros, ya que vimos que el caf\u00e9 pagaba y nos pusimos a sembrar. Sembramos oncemil \u00e1rboles. Tuvimos mucho, mucho caf\u00e9, pero usted sabe que la guerra acab\u00f3 con todo\u201d, recuerda.<\/p>\n<p style=\"text-align: justify;\"><img decoding=\"async\" src=\"images\/Cesar_Malojo_1.jpg\" alt=\"\" \/><\/p>\n<p style=\"text-align: justify;\">Con sus rimas e historias tambi\u00e9n hace llevadera la enfermedad que padece desde hace 34 a\u00f1os, la cual le ha provocado la p\u00e9rdida de parte de sus extremidades. \u201cEste pie es mocho por ac\u00e1 m\u00e1s o menos\u201d, cuenta se\u00f1alando un poco m\u00e1s abajo de su rodilla izquierda. Luego ense\u00f1a como el calzado de su pie derecho se puede doblar totalmente hacia arriba por la ausencia de sus dedos y el empeine. Finalmente muestra sus manos, que no solamente se ven maltratadas por el trabajo duro del campo, sino que tambi\u00e9n revelan la falta de parte de algunos de sus dedos. \u201cAs\u00ed voleo machete, hago lo que pueda porque ahora ya tengo estos dedos muy sanos\u201d<u>.<\/u> Lo que si no ha podido quitarle la enfermedad, es la alegr\u00eda que lleva consigo a todo lado.<\/p>\n<p style=\"text-align: justify;\">Las historias y versos en los que plasma sus vivencias diarias, la fe en Dios y el amor entra\u00f1able que profesa por su terru\u00f1o, son el sello personal de don Cesar, quien ve en el campo la verdadera calidad de vida. \u201cVuelvan al campo, vayan al campo, ins\u00edstanle al campo. \u00bfQue no hay comida? Vamos a arrancar un palo de yuca, vamos a arrancar un gajo de pl\u00e1tanos, vamos a coger una guasquila, un tomate, una mata de cebolla. All\u00e1 no hay hambre, en el campo lo que hay es mucha abundancia\u201d, concluye.<\/p>\n<p style=\"text-align: justify;\"><iframe loading=\"lazy\" src=\"\/\/www.youtube.com\/embed\/XmEZCKD2LWY\" width=\"560\" height=\"314\" allowfullscreen=\"allowfullscreen\"><\/iframe><\/p>\n<p><u>\u00a0<\/u><\/p>\n","protected":false},"excerpt":{"rendered":"<p style=\"text-align: justify;\">Por: Faiber Salazar N.<\/p>\n<p style=\"text-align: justify;\">Twitter: @Soy_Fai<\/p>\n<p style=\"text-align: justify;\">Don Cesar Augusto Giraldo Garc\u00eda, nacido entre las veredas El Jard\u00edn y La Honda central, sector \u2018El Tambo\u2019 como \u00e9l le llama, se destaca por ser un campesino humilde y alegre, y por ese optimismo envidiable con el que ve la vida. \u201cNosotros nacimos ah\u00ed, despu\u00e9s volvimos y volteamos a Santa Ana. Ahora tengo la casita en Santa Ana pero estoy peleando con un trabajaderito pal Roblal. Por ah\u00ed tengo una cafeterita sembrada, platanitos, yuca. Correrle al hambre\u201d.<\/p>\n","protected":false},"author":1,"featured_media":0,"comment_status":"open","ping_status":"open","sticky":false,"template":"","format":"standard","meta":{"footnotes":""},"categories":[20],"tags":[],"class_list":["post-377","post","type-post","status-publish","format-standard","hentry","category-columnistas"],"_links":{"self":[{"href":"https:\/\/www.desdegranada.com\/site\/index.php?rest_route=\/wp\/v2\/posts\/377","targetHints":{"allow":["GET"]}}],"collection":[{"href":"https:\/\/www.desdegranada.com\/site\/index.php?rest_route=\/wp\/v2\/posts"}],"about":[{"href":"https:\/\/www.desdegranada.com\/site\/index.php?rest_route=\/wp\/v2\/types\/post"}],"author":[{"embeddable":true,"href":"https:\/\/www.desdegranada.com\/site\/index.php?rest_route=\/wp\/v2\/users\/1"}],"replies":[{"embeddable":true,"href":"https:\/\/www.desdegranada.com\/site\/index.php?rest_route=%2Fwp%2Fv2%2Fcomments&post=377"}],"version-history":[{"count":0,"href":"https:\/\/www.desdegranada.com\/site\/index.php?rest_route=\/wp\/v2\/posts\/377\/revisions"}],"wp:attachment":[{"href":"https:\/\/www.desdegranada.com\/site\/index.php?rest_route=%2Fwp%2Fv2%2Fmedia&parent=377"}],"wp:term":[{"taxonomy":"category","embeddable":true,"href":"https:\/\/www.desdegranada.com\/site\/index.php?rest_route=%2Fwp%2Fv2%2Fcategories&post=377"},{"taxonomy":"post_tag","embeddable":true,"href":"https:\/\/www.desdegranada.com\/site\/index.php?rest_route=%2Fwp%2Fv2%2Ftags&post=377"}],"curies":[{"name":"wp","href":"https:\/\/api.w.org\/{rel}","templated":true}]}}