{"id":378,"date":"2021-04-23T16:41:36","date_gmt":"2021-04-23T16:41:36","guid":{"rendered":"https:\/\/www.desdegranada.com\/site\/?p=378"},"modified":"2021-04-23T16:41:36","modified_gmt":"2021-04-23T16:41:36","slug":"no-quiero-ser-mas-victima","status":"publish","type":"post","link":"https:\/\/www.desdegranada.com\/site\/?p=378","title":{"rendered":"NO QUIERO SER M\u00c1S VICTIMA"},"content":{"rendered":"<p style=\"text-align: justify;\">Desataron sentimientos inciertos ligados a la frustraci\u00f3n de sue\u00f1os, opacaron los campos y apagaron vidas.<\/p>\n<p style=\"text-align: justify;\"><img decoding=\"async\" src=\"images\/No_quiero_ser_ms_vctima_2.jpg\" \/>\u00a0<\/p>\n<p style=\"text-align: justify;\">Bast\u00f3 ser cuidadosos para caminar por las trochas, con pasos acelerados y ligero equipaje, para huir de violentos que impon\u00edan sus propias reglas.<\/p>\n<p style=\"text-align: justify;\"><img loading=\"lazy\" decoding=\"async\" src=\"images\/No_quiero_ser_ms_vctima_3.jpg\" alt=\"\" width=\"750\" height=\"439\" \/><\/p>\n<p style=\"text-align: justify;\">Escapar de las filas de un r\u00e9gimen ilegal, o simplemente salvar nuestras vidas.<\/p>\n<p style=\"text-align: justify;\">Con un padre que guardo silencio, pero su rostro reflejo temor, incertidumbre y tristeza. Mi madre, con ojos humedecidos de \u00a0angustia y zozobra.<\/p>\n<p style=\"text-align: justify;\">\u00a0<img loading=\"lazy\" decoding=\"async\" src=\"images\/No_quiero_ser_ms_vctima_5.jpg\" alt=\"6 hermanos peque\u00f1os inocentes cre\u00edan que march\u00e1bamos a una ciudad de paseo.\" width=\"750\" height=\"439\" \/>\u00a0<\/p>\n<p style=\"text-align: justify;\">Llegar a una burda ruidosa de cemento y contaminaci\u00f3n, una ciudad opuesta al ambiente campesino. Es la m\u00e1s absurda imagen de nunca olvidar.<\/p>\n<p style=\"text-align: justify;\">Desarraigada de mi terru\u00f1o, forzaron al abandono de tantos a\u00f1os de esfuerzo, costumbres y legados.<\/p>\n<p style=\"text-align: justify;\">Los d\u00edas pasaron y lleg\u00f3 la depresi\u00f3n, la ansiedad. Otro desaf\u00edo para enfrentar los recuerdos, para sanar las heridas que no se ven, porque est\u00e1n tatuadas en el alma.<\/p>\n<p style=\"text-align: justify;\">Pero\u2026 los a\u00f1os transcurren y sigue innato el amor por mi pueblo de GRANADA ANTIOQUIA.<\/p>\n<p style=\"text-align: justify;\"><img loading=\"lazy\" decoding=\"async\" src=\"images\/No_quiero_ser_ms_vctima_6.jpg\" alt=\"\" width=\"750\" height=\"439\" \/><\/p>\n<p style=\"text-align: justify;\">A\u00fan tengo un equipaje de letras que tienen voz, no lograron despojar el poeta interno que traza magia en lienzo, palabras que danzan por sanar y dibujar un RETORNO.<\/p>\n<p style=\"text-align: justify;\">Bordar las historias, dibujar recuerdos, elaborar diccionarios de emociones, \u00e1lbumes de un sinn\u00famero de sentimientos. Ser escritoras de cuentos con finales sanadores.<\/p>\n<p style=\"text-align: justify;\">Mi gran anhelo es regresar a mi tierra inspiradora al lado de los m\u00edos, los que me esperan, y los que ya no est\u00e1n.<\/p>\n<p style=\"text-align: justify;\">Al monstruo de la guerra le paso desapercibido, un tesoro. El tesoro del amor&#8230; El amor que todo lo puede, todo\u2026 hasta de regresar, para que, unidas las v\u00edctimas, con resiliencia, superemos pesadillas del conflicto armado.<\/p>\n<p style=\"text-align: justify;\">As\u00ed ser<strong> protagonistas de<\/strong> nuevas historias de nuestras vidas.<\/p>\n<p><strong>\u00a0<\/strong><\/p>\n<p><strong>\u00a0<\/strong><\/p>\n<p>\u00a0<\/p>\n<p>\u00a0<\/p>\n<p>\u00a0<\/p>\n<p>\u00a0<\/p>\n<p>\u00a0<\/p>\n<p>\u00a0<\/p>\n<p>\u00a0<\/p>\n<p>\u00a0<\/p>\n","protected":false},"excerpt":{"rendered":"<p style=\"text-align: justify;\"><strong>Autor: Adriana Mar\u00eda Arenas Ocampo<\/strong><\/p>\n<p style=\"text-align: justify;\"><strong>Abril\/04\/2021<\/strong><\/p>\n<p style=\"text-align: justify;\">No quiero ser v\u00edctima de mis fantasmas emocionales y psicol\u00f3gicos, fantasmas de secuelas mentales, de una violencia de la cual no entend\u00ed sus aberrantes ideolog\u00edas.<\/p>\n","protected":false},"author":1,"featured_media":0,"comment_status":"open","ping_status":"open","sticky":false,"template":"","format":"standard","meta":{"footnotes":""},"categories":[20],"tags":[],"class_list":["post-378","post","type-post","status-publish","format-standard","hentry","category-columnistas"],"_links":{"self":[{"href":"https:\/\/www.desdegranada.com\/site\/index.php?rest_route=\/wp\/v2\/posts\/378","targetHints":{"allow":["GET"]}}],"collection":[{"href":"https:\/\/www.desdegranada.com\/site\/index.php?rest_route=\/wp\/v2\/posts"}],"about":[{"href":"https:\/\/www.desdegranada.com\/site\/index.php?rest_route=\/wp\/v2\/types\/post"}],"author":[{"embeddable":true,"href":"https:\/\/www.desdegranada.com\/site\/index.php?rest_route=\/wp\/v2\/users\/1"}],"replies":[{"embeddable":true,"href":"https:\/\/www.desdegranada.com\/site\/index.php?rest_route=%2Fwp%2Fv2%2Fcomments&post=378"}],"version-history":[{"count":0,"href":"https:\/\/www.desdegranada.com\/site\/index.php?rest_route=\/wp\/v2\/posts\/378\/revisions"}],"wp:attachment":[{"href":"https:\/\/www.desdegranada.com\/site\/index.php?rest_route=%2Fwp%2Fv2%2Fmedia&parent=378"}],"wp:term":[{"taxonomy":"category","embeddable":true,"href":"https:\/\/www.desdegranada.com\/site\/index.php?rest_route=%2Fwp%2Fv2%2Fcategories&post=378"},{"taxonomy":"post_tag","embeddable":true,"href":"https:\/\/www.desdegranada.com\/site\/index.php?rest_route=%2Fwp%2Fv2%2Ftags&post=378"}],"curies":[{"name":"wp","href":"https:\/\/api.w.org\/{rel}","templated":true}]}}