{"id":379,"date":"2021-04-28T16:53:54","date_gmt":"2021-04-28T16:53:54","guid":{"rendered":"https:\/\/www.desdegranada.com\/site\/?p=379"},"modified":"2021-04-28T16:53:54","modified_gmt":"2021-04-28T16:53:54","slug":"20-personas-participan-de-las-actividades-de-la-casa-de-inclusion-senderos-de-esperanza","status":"publish","type":"post","link":"https:\/\/www.desdegranada.com\/site\/?p=379","title":{"rendered":"20 personas participan de las actividades de la casa de inclusi\u00f3n Senderos de Esperanza"},"content":{"rendered":"<p style=\"text-align: justify;\">La alfabetizaci\u00f3n tambi\u00e9n hace parte de la formaci\u00f3n \u201cse les ense\u00f1a operaciones b\u00e1sicas de matem\u00e1ticas, lectura, desarrollo del pensamiento cr\u00edtico, hidroterapia, lectoescritura por medio del braille\u201d, menciona Diana Cristina Vel\u00e1squez, agrega que esta \u00faltima es gracias a unos de los integrantes de la casa.<\/p>\n<p style=\"text-align: justify;\"><img loading=\"lazy\" decoding=\"async\" src=\"images\/Oferta_discapacidad_2021-1.jpg\" width=\"750\" height=\"439\" \/><\/p>\n<p style=\"text-align: justify;\">En la actualidad se encuentran realizando un proceso de focalizaci\u00f3n en el municipio de personas con discapacidad severa, \u201cest\u00e1 entendida como aquellas personas que necesitan un cuidador permanente, que no puede realizar actividades como comer, vestirse, ba\u00f1arse o caminar. Deben inscribirse antes del 30 de abril\u201d.\u00a0<\/p>\n<p style=\"text-align: justify;\"><img loading=\"lazy\" decoding=\"async\" src=\"images\/Oferta_discapacidad_2021-2.jpg\" alt=\"\" width=\"750\" height=\"439\" \/><\/p>\n<p style=\"text-align: justify;\">Adem\u00e1s, se est\u00e1 realizando un registro y actualizaci\u00f3n de las personas con discapacidad para desarrollar pol\u00edticas p\u00fablicas que beneficien a esta poblaci\u00f3n en el mejoramiento de su calidad de vida.\u00a0<\/p>\n<p style=\"text-align: justify;\">S\u00ed deseas participar de las actividades que tiene la casa de inclusi\u00f3n Senderos de Esperanza durante todo el a\u00f1o, te puedes acercar a inscribirte en la oficina de discapacidad.<\/p>\n<p>\u00a0<\/p>\n","protected":false},"excerpt":{"rendered":"<p style=\"text-align: justify;\">En articulaci\u00f3n con la casa de la cultura y la oficina de deportes, la casa de inclusi\u00f3n Senderos de Esperanza ofrece una variada agenda de actividades l\u00fadicas y formativas que potencian en las personas con discapacidad las habilidades en dibujo, m\u00fasica, entre otras artes.<\/p>\n","protected":false},"author":1,"featured_media":0,"comment_status":"open","ping_status":"open","sticky":false,"template":"","format":"standard","meta":{"footnotes":""},"categories":[19],"tags":[],"class_list":["post-379","post","type-post","status-publish","format-standard","hentry","category-noticias"],"_links":{"self":[{"href":"https:\/\/www.desdegranada.com\/site\/index.php?rest_route=\/wp\/v2\/posts\/379","targetHints":{"allow":["GET"]}}],"collection":[{"href":"https:\/\/www.desdegranada.com\/site\/index.php?rest_route=\/wp\/v2\/posts"}],"about":[{"href":"https:\/\/www.desdegranada.com\/site\/index.php?rest_route=\/wp\/v2\/types\/post"}],"author":[{"embeddable":true,"href":"https:\/\/www.desdegranada.com\/site\/index.php?rest_route=\/wp\/v2\/users\/1"}],"replies":[{"embeddable":true,"href":"https:\/\/www.desdegranada.com\/site\/index.php?rest_route=%2Fwp%2Fv2%2Fcomments&post=379"}],"version-history":[{"count":0,"href":"https:\/\/www.desdegranada.com\/site\/index.php?rest_route=\/wp\/v2\/posts\/379\/revisions"}],"wp:attachment":[{"href":"https:\/\/www.desdegranada.com\/site\/index.php?rest_route=%2Fwp%2Fv2%2Fmedia&parent=379"}],"wp:term":[{"taxonomy":"category","embeddable":true,"href":"https:\/\/www.desdegranada.com\/site\/index.php?rest_route=%2Fwp%2Fv2%2Fcategories&post=379"},{"taxonomy":"post_tag","embeddable":true,"href":"https:\/\/www.desdegranada.com\/site\/index.php?rest_route=%2Fwp%2Fv2%2Ftags&post=379"}],"curies":[{"name":"wp","href":"https:\/\/api.w.org\/{rel}","templated":true}]}}