{"id":380,"date":"2021-05-04T23:58:58","date_gmt":"2021-05-04T23:58:58","guid":{"rendered":"https:\/\/www.desdegranada.com\/site\/?p=380"},"modified":"2021-05-04T23:58:58","modified_gmt":"2021-05-04T23:58:58","slug":"con-la-eucaristia-y-el-rezo-de-los-mil-jesuses-se-bendijo-monumento-de-la-cruz-en-la-cristalina","status":"publish","type":"post","link":"https:\/\/www.desdegranada.com\/site\/?p=380","title":{"rendered":"Con la eucarist\u00eda y el rezo de los mil Jesuses, se bendijo monumento de la cruz en La Cristalina"},"content":{"rendered":"<p style=\"text-align: justify;\"><img loading=\"lazy\" decoding=\"async\" src=\"images\/La_cruz_2021-3.jpeg\" width=\"450\" height=\"700\" \/><\/p>\n<p style=\"text-align: justify;\">Por iniciativa de Nelson Garc\u00eda Amaya y con aportes de paisanos y algunas instituciones del municipio, se logr\u00f3 en abril de este a\u00f1o la reconstrucci\u00f3n de dicho monumento religioso, que de nuevo ha motivado a los devotos de la Santa Cruz a peregrinar hasta all\u00ed a orar.El 3 de mayo, fecha en la que el pueblo cat\u00f3lico celebra el d\u00eda de la Santa Cruz, fue escogido para la bendici\u00f3n de la nueva construcci\u00f3n, que ahora es en metal y recubierta con l\u00e1minas de acr\u00edlico.<\/p>\n<p style=\"text-align: justify;\"><img decoding=\"async\" src=\"images\/La_cruz_2021-2.jpg\" alt=\"\" \/><\/p>\n<p style=\"text-align: justify;\">\u201cNosotros desde muy peque\u00f1os nos tra\u00edan aqu\u00ed a la Santa Cruz el tres de mayo a rezar y a la santa misa\u201d, recuerda Blanca Luc\u00eda Guar\u00edn.<\/p>\n<p style=\"text-align: justify;\">En otros fieles, la sensaci\u00f3n es de alegr\u00eda. Do\u00f1a Mar\u00eda Magdalena Duque manifiesta que \u201cme siento muy contenta porque estoy muy cerquita de ella, de la Santa Cruz. Y es muy altica, muy buena para la bendici\u00f3n del pueblo tambi\u00e9n y se ve muy hermosa, muy iluminada de noche\u201d.<\/p>\n<p style=\"text-align: justify;\">\u201cPara mi significa que este es un sector bendecido, que se hace presente siempre Dios con nosotros, que nunca nos abandona y que nos recuerda que el mayor refugio que podemos tener en momentos de alegr\u00eda, de tristeza, es la cruz\u201d, expres\u00f3 Gloria Garc\u00eda, una de las asistentes y originaria de la vereda.<\/p>\n<p style=\"text-align: justify;\">Una eucarist\u00eda y el rezo de los mil Jesuses, que presidi\u00f3 el p\u00e1rroco de la comunidad Sergio Augusto Botero ante unos pocos feligreses y benefactores, fueron los ritos con que se bendijo el nuevo monumento, al que diariamente han asistido personas desde que se volvi\u00f3 a levantar.<\/p>\n<p style=\"text-align: justify;\"><iframe loading=\"lazy\" src=\"\/\/www.youtube.com\/embed\/tOBVuoqubjU\" width=\"560\" height=\"314\" allowfullscreen=\"allowfullscreen\"><\/iframe><\/p>\n","protected":false},"excerpt":{"rendered":"<p style=\"text-align: justify;\">S\u00edmbolo de la religiosidad del pueblo granadino desde su construcci\u00f3n hacia el a\u00f1o 1964, previa a una misi\u00f3n que se desarroll\u00f3 en Granada, el monumento de la cruz ubicado en la vereda La Cristalina &#8211; salida hacia Medell\u00edn, en la parte alta del municipio, brill\u00f3 por su ausencia en los \u00faltimos dos a\u00f1os.<\/p>\n","protected":false},"author":1,"featured_media":0,"comment_status":"open","ping_status":"open","sticky":false,"template":"","format":"standard","meta":{"footnotes":""},"categories":[19],"tags":[],"class_list":["post-380","post","type-post","status-publish","format-standard","hentry","category-noticias"],"_links":{"self":[{"href":"https:\/\/www.desdegranada.com\/site\/index.php?rest_route=\/wp\/v2\/posts\/380","targetHints":{"allow":["GET"]}}],"collection":[{"href":"https:\/\/www.desdegranada.com\/site\/index.php?rest_route=\/wp\/v2\/posts"}],"about":[{"href":"https:\/\/www.desdegranada.com\/site\/index.php?rest_route=\/wp\/v2\/types\/post"}],"author":[{"embeddable":true,"href":"https:\/\/www.desdegranada.com\/site\/index.php?rest_route=\/wp\/v2\/users\/1"}],"replies":[{"embeddable":true,"href":"https:\/\/www.desdegranada.com\/site\/index.php?rest_route=%2Fwp%2Fv2%2Fcomments&post=380"}],"version-history":[{"count":0,"href":"https:\/\/www.desdegranada.com\/site\/index.php?rest_route=\/wp\/v2\/posts\/380\/revisions"}],"wp:attachment":[{"href":"https:\/\/www.desdegranada.com\/site\/index.php?rest_route=%2Fwp%2Fv2%2Fmedia&parent=380"}],"wp:term":[{"taxonomy":"category","embeddable":true,"href":"https:\/\/www.desdegranada.com\/site\/index.php?rest_route=%2Fwp%2Fv2%2Fcategories&post=380"},{"taxonomy":"post_tag","embeddable":true,"href":"https:\/\/www.desdegranada.com\/site\/index.php?rest_route=%2Fwp%2Fv2%2Ftags&post=380"}],"curies":[{"name":"wp","href":"https:\/\/api.w.org\/{rel}","templated":true}]}}