{"id":381,"date":"2021-05-05T20:43:16","date_gmt":"2021-05-05T20:43:16","guid":{"rendered":"https:\/\/www.desdegranada.com\/site\/?p=381"},"modified":"2021-05-05T20:43:16","modified_gmt":"2021-05-05T20:43:16","slug":"en-granada-distintos-sectores-sociales-se-unen-al-paronacional","status":"publish","type":"post","link":"https:\/\/www.desdegranada.com\/site\/?p=381","title":{"rendered":"En Granada distintos sectores sociales se unen al #ParoNacional"},"content":{"rendered":"<p style=\"text-align: justify;\">El lunes una vez m\u00e1s, un grupo de personas se movilizaron en horas de la tarde por las v\u00edas principales del municipio, llevando a trav\u00e9s de m\u00fasica y cultura su mensaje de protesta.<\/p>\n<p style=\"text-align: justify;\"><img decoding=\"async\" src=\"images\/Paro_2021-1.jpg\" alt=\"\" \/><\/p>\n<p style=\"text-align: justify;\">Nuevamente el martes en la ma\u00f1ana, en el atrio parroquial, colectivos de j\u00f3venes, organizaciones de v\u00edctimas y docentes se dieron cita en un plant\u00f3n en el que con m\u00fasica, pancartas y otras expresiones art\u00edsticas, continuaban manifestando su inconformismo tanto hacia las decisiones administrativas del presidente Iv\u00e1n Duque, como a la represi\u00f3n de la fuerza p\u00fablica para con los ciudadanos que han participado de las protestas. Luego entonando proclamas, recorrieron las v\u00edas principales de la localidad.<\/p>\n<p style=\"text-align: justify;\"><img loading=\"lazy\" decoding=\"async\" src=\"images\/Paro_2021-2.jpg\" alt=\"\" width=\"750\" height=\"439\" \/><\/p>\n<p style=\"text-align: justify;\">Este mi\u00e9rcoles 5 de mayo, a trav\u00e9s de los medios de comunicaci\u00f3n locales, el magisterio del municipio explic\u00f3 por medio de un programa las razones que les han motivado a respaldar el #ParoNacional.<\/p>\n<p style=\"text-align: justify;\">La agenda de este d\u00eda contin\u00faa a las 5:00 p.m. con una velat\u00f3n que tendr\u00e1 lugar en el atrio del templo parroquial.<\/p>\n","protected":false},"excerpt":{"rendered":"<p style=\"text-align: justify;\">A partir del cacerolazo del pasado s\u00e1bado 1 de mayo, que se hizo sentir en gran parte de la localidad, docentes granadinos y diferentes sectores sociales han venido desarrollando diariamente diversas acciones con las que se suman a las movilizaciones de miles de colombianos en el nivel nacional, exigiendo en un inicio el retiro de la reforma tributaria, pero tambi\u00e9n mostr\u00e1ndose en contra de otras pol\u00edticas impulsadas por el actual gobierno.<\/p>\n","protected":false},"author":1,"featured_media":0,"comment_status":"open","ping_status":"open","sticky":false,"template":"","format":"standard","meta":{"footnotes":""},"categories":[19],"tags":[],"class_list":["post-381","post","type-post","status-publish","format-standard","hentry","category-noticias"],"_links":{"self":[{"href":"https:\/\/www.desdegranada.com\/site\/index.php?rest_route=\/wp\/v2\/posts\/381","targetHints":{"allow":["GET"]}}],"collection":[{"href":"https:\/\/www.desdegranada.com\/site\/index.php?rest_route=\/wp\/v2\/posts"}],"about":[{"href":"https:\/\/www.desdegranada.com\/site\/index.php?rest_route=\/wp\/v2\/types\/post"}],"author":[{"embeddable":true,"href":"https:\/\/www.desdegranada.com\/site\/index.php?rest_route=\/wp\/v2\/users\/1"}],"replies":[{"embeddable":true,"href":"https:\/\/www.desdegranada.com\/site\/index.php?rest_route=%2Fwp%2Fv2%2Fcomments&post=381"}],"version-history":[{"count":0,"href":"https:\/\/www.desdegranada.com\/site\/index.php?rest_route=\/wp\/v2\/posts\/381\/revisions"}],"wp:attachment":[{"href":"https:\/\/www.desdegranada.com\/site\/index.php?rest_route=%2Fwp%2Fv2%2Fmedia&parent=381"}],"wp:term":[{"taxonomy":"category","embeddable":true,"href":"https:\/\/www.desdegranada.com\/site\/index.php?rest_route=%2Fwp%2Fv2%2Fcategories&post=381"},{"taxonomy":"post_tag","embeddable":true,"href":"https:\/\/www.desdegranada.com\/site\/index.php?rest_route=%2Fwp%2Fv2%2Ftags&post=381"}],"curies":[{"name":"wp","href":"https:\/\/api.w.org\/{rel}","templated":true}]}}