{"id":382,"date":"2021-05-06T21:01:37","date_gmt":"2021-05-06T21:01:37","guid":{"rendered":"https:\/\/www.desdegranada.com\/site\/?p=382"},"modified":"2021-05-06T21:01:37","modified_gmt":"2021-05-06T21:01:37","slug":"granada-tiene-un-nuevo-sacerdote","status":"publish","type":"post","link":"https:\/\/www.desdegranada.com\/site\/?p=382","title":{"rendered":"Granada tiene un nuevo sacerdote"},"content":{"rendered":"<p style=\"text-align: justify;\">Hoy jueves 6 de mayo de 2021 nuestro municipio est\u00e1 de fiesta porque de manos de monse\u00f1or Fidel Le\u00f3n Cadavid Mar\u00edn, John Elkin Casta\u00f1o, hijo de Granada, junto\u00a0a otros 7 compa\u00f1eros\u00a0di\u00e1conos, recibi\u00f3 su ordenaci\u00f3n sacerdotal. <br \/>Es bueno mencionar que Granada junto a El Santuario, son los municipios que m\u00e1s han tenido la oportunidad de sumar j\u00f3venes al servicio de Dios y con la ordenaci\u00f3n del padre John Elkin Casta\u00f1o, seguimos demostrando que la tarea la estamos haciendo bien.<\/p>\n<p style=\"text-align: justify;\"><img decoding=\"async\" src=\"images\/Padre_Jhon_Elkin_2.jpg\" alt=\"\" \/><br \/>Pero no solo estamos haciendo bien la tarea sumando sacerdotes, pues detr\u00e1s de todo esto, hay una gran fuerza que lucha siempre para que la iglesia de Dios no se quede sin ministros: la congregaci\u00f3n vocacional que hace un trabajo de acompa\u00f1amiento a todos esos ni\u00f1os y j\u00f3venes que se quieren inclinar por esta bella vocaci\u00f3n.<\/p>\n<p style=\"text-align: justify;\"><img decoding=\"async\" src=\"images\/Padre_Jhon_Elkin.jpg\" alt=\"\" \/><br \/>Al nuevo sacerdote granadino, le deseamos que su ministerio siempre este guiado por el buen Dios y sea un ejemplo para futuros sacerdotes.<\/p>\n<p style=\"text-align: justify;\"><iframe loading=\"lazy\" src=\"\/\/www.youtube.com\/embed\/Su9FH-1O1SA\" width=\"560\" height=\"314\" allowfullscreen=\"allowfullscreen\"><\/iframe><\/p>\n","protected":false},"excerpt":{"rendered":"<p style=\"text-align: justify;\">El seminario San Alberto Magno es un semillero que es coordinado por las parroquias\u00a0que conforman la Di\u00f3cesis de Sons\u00f3n Rionegro, el cual se convierte para los ni\u00f1os y j\u00f3venes\u00a0en el alimento para hacer crecer su vocaci\u00f3n, esta vez con encaminada al sacerdocio.<\/p>\n","protected":false},"author":1,"featured_media":0,"comment_status":"open","ping_status":"open","sticky":false,"template":"","format":"standard","meta":{"footnotes":""},"categories":[19],"tags":[],"class_list":["post-382","post","type-post","status-publish","format-standard","hentry","category-noticias"],"_links":{"self":[{"href":"https:\/\/www.desdegranada.com\/site\/index.php?rest_route=\/wp\/v2\/posts\/382","targetHints":{"allow":["GET"]}}],"collection":[{"href":"https:\/\/www.desdegranada.com\/site\/index.php?rest_route=\/wp\/v2\/posts"}],"about":[{"href":"https:\/\/www.desdegranada.com\/site\/index.php?rest_route=\/wp\/v2\/types\/post"}],"author":[{"embeddable":true,"href":"https:\/\/www.desdegranada.com\/site\/index.php?rest_route=\/wp\/v2\/users\/1"}],"replies":[{"embeddable":true,"href":"https:\/\/www.desdegranada.com\/site\/index.php?rest_route=%2Fwp%2Fv2%2Fcomments&post=382"}],"version-history":[{"count":0,"href":"https:\/\/www.desdegranada.com\/site\/index.php?rest_route=\/wp\/v2\/posts\/382\/revisions"}],"wp:attachment":[{"href":"https:\/\/www.desdegranada.com\/site\/index.php?rest_route=%2Fwp%2Fv2%2Fmedia&parent=382"}],"wp:term":[{"taxonomy":"category","embeddable":true,"href":"https:\/\/www.desdegranada.com\/site\/index.php?rest_route=%2Fwp%2Fv2%2Fcategories&post=382"},{"taxonomy":"post_tag","embeddable":true,"href":"https:\/\/www.desdegranada.com\/site\/index.php?rest_route=%2Fwp%2Fv2%2Ftags&post=382"}],"curies":[{"name":"wp","href":"https:\/\/api.w.org\/{rel}","templated":true}]}}