{"id":384,"date":"2021-05-13T21:35:32","date_gmt":"2021-05-13T21:35:32","guid":{"rendered":"https:\/\/www.desdegranada.com\/site\/?p=384"},"modified":"2021-05-13T21:35:32","modified_gmt":"2021-05-13T21:35:32","slug":"tomas-castro-un-apasionado-de-la-musica-y-los-medios-de-comunicacion","status":"publish","type":"post","link":"https:\/\/www.desdegranada.com\/site\/?p=384","title":{"rendered":"Tom\u00e1s Castro, un apasionado de la m\u00fasica y los medios de comunicaci\u00f3n"},"content":{"rendered":"<p style=\"text-align: justify;\">C\u00e1maras, micr\u00f3fonos, consolas, parlantes y cada equipo de comunicaci\u00f3n de la emisora los hac\u00eda como sus juguetes, y preguntando cada cosa que se le ocurr\u00eda, aprendi\u00f3 a manipularlos como el m\u00e1s experto camar\u00f3grafo o sonidista.<\/p>\n<p style=\"text-align: justify;\"><img loading=\"lazy\" decoding=\"async\" src=\"images\/Toms_Castro_1.jpg\" alt=\"\" width=\"750\" height=\"439\" \/><\/p>\n<p style=\"text-align: justify;\">Ya no es tan ni\u00f1o, su voz se ha tornado m\u00e1s gruesa y ha ganado talla. Con todo eso, su sue\u00f1o se ha afianzado en su lista de prop\u00f3sitos.<\/p>\n<p style=\"text-align: justify;\">\u201cMi sue\u00f1o es ser dj y primero que todo sacar a mi mam\u00e1 adelante. Pero principalmente acabar el estudio, ahorrar y comprarme la RX2 que es la pioner de dj que m\u00e1s me ha gustado\u201d, expresa Tom\u00e1s, hoy con 14 a\u00f1os.<\/p>\n<p style=\"text-align: justify;\">En su habitaci\u00f3n tiene montado una especie de estudio con luces y sonido, y otros equipos que ha ido consiguiendo de a poco. Algunos de estos han sido su regalo de ni\u00f1o Dios en distintos a\u00f1os, lo que evidencia su convicci\u00f3n por materializar su sue\u00f1o. Otros han sido obsequiados por diferentes personas, y con todo eso, vive y se goza su pasi\u00f3n por la m\u00fasica.<\/p>\n<p style=\"text-align: justify;\">\u201cAc\u00e1 hay veces que nos reunimos, que hacemos rumbas; los vecinos se molestan, pero uno trata de no molestar tanto\u201d, comenta. Y es que hay d\u00edas en los que, por cuenta suya, a ritmo de guaracha y reguet\u00f3n, pone a rumbear a toda la cuadra, haciendo competencia incluso a la emisora.<\/p>\n<p style=\"text-align: justify;\"><img loading=\"lazy\" decoding=\"async\" src=\"images\/Toms_Castro_2.jpg\" alt=\"\" width=\"750\" height=\"439\" \/><\/p>\n<p style=\"text-align: justify;\">Ser un joven inquieto, extrovertido y capaz de relacionarse con cualquier persona, le ha servido para aprender m\u00e1s sobre su pasi\u00f3n y capacitarse mientras ayuda en la instalaci\u00f3n de las luces y el sonido en eventos como las fiestas del retorno que se realizan en el municipio, ya sea con el equipo de la casa de la cultura o con las empresas contratadas para ese fin.<\/p>\n<p style=\"text-align: justify;\">Pero su ambici\u00f3n por perfeccionar su talento y seguirse formando va m\u00e1s all\u00e1, por eso su meta una vez terminados sus estudios de secundaria -cursa grado s\u00e9ptimo-, es ir a la universidad, eso s\u00ed, sin dejar de lado su idea de convertirse en un dj reconocido: \u201cyo quiero prepararme en la academia de dj\u2019s y tambi\u00e9n lo de ingenier\u00eda de sonido porque me gusta ese tema tambi\u00e9n de sonorizar cantantes y todo eso\u201d, finaliza.<\/p>\n<p style=\"text-align: justify;\"><iframe loading=\"lazy\" src=\"\/\/www.youtube.com\/embed\/A6SYZEfiuzM\" width=\"560\" height=\"314\" allowfullscreen=\"allowfullscreen\"><\/iframe><\/p>\n<p>\u00a0<\/p>\n<p>\u00a0<\/p>\n<p>\u00a0<\/p>\n","protected":false},"excerpt":{"rendered":"<p style=\"text-align: justify;\">Por: Faiber Salazar.<\/p>\n<p style=\"text-align: justify;\">Twitter: @Soy_Fai<\/p>\n<p style=\"text-align: justify;\">Notables cambios f\u00edsicos y unos cuantos a\u00f1os m\u00e1s acompa\u00f1an hoy el sue\u00f1o de Tom\u00e1s Castro de convertirse en dj, ese que permanece enclavado en su cabeza desde hace m\u00e1s de 7 a\u00f1os cuando apenas empezaba a hacer parte de <strong><em>REPORTERITOS, <\/em><\/strong>semillero de iniciaci\u00f3n y formaci\u00f3n en las comunicaciones de Granada Stereo.<\/p>\n","protected":false},"author":1,"featured_media":0,"comment_status":"open","ping_status":"open","sticky":false,"template":"","format":"standard","meta":{"footnotes":""},"categories":[20],"tags":[],"class_list":["post-384","post","type-post","status-publish","format-standard","hentry","category-columnistas"],"_links":{"self":[{"href":"https:\/\/www.desdegranada.com\/site\/index.php?rest_route=\/wp\/v2\/posts\/384","targetHints":{"allow":["GET"]}}],"collection":[{"href":"https:\/\/www.desdegranada.com\/site\/index.php?rest_route=\/wp\/v2\/posts"}],"about":[{"href":"https:\/\/www.desdegranada.com\/site\/index.php?rest_route=\/wp\/v2\/types\/post"}],"author":[{"embeddable":true,"href":"https:\/\/www.desdegranada.com\/site\/index.php?rest_route=\/wp\/v2\/users\/1"}],"replies":[{"embeddable":true,"href":"https:\/\/www.desdegranada.com\/site\/index.php?rest_route=%2Fwp%2Fv2%2Fcomments&post=384"}],"version-history":[{"count":0,"href":"https:\/\/www.desdegranada.com\/site\/index.php?rest_route=\/wp\/v2\/posts\/384\/revisions"}],"wp:attachment":[{"href":"https:\/\/www.desdegranada.com\/site\/index.php?rest_route=%2Fwp%2Fv2%2Fmedia&parent=384"}],"wp:term":[{"taxonomy":"category","embeddable":true,"href":"https:\/\/www.desdegranada.com\/site\/index.php?rest_route=%2Fwp%2Fv2%2Fcategories&post=384"},{"taxonomy":"post_tag","embeddable":true,"href":"https:\/\/www.desdegranada.com\/site\/index.php?rest_route=%2Fwp%2Fv2%2Ftags&post=384"}],"curies":[{"name":"wp","href":"https:\/\/api.w.org\/{rel}","templated":true}]}}