{"id":387,"date":"2021-05-24T21:13:15","date_gmt":"2021-05-24T21:13:15","guid":{"rendered":"https:\/\/www.desdegranada.com\/site\/?p=387"},"modified":"2021-05-24T21:13:15","modified_gmt":"2021-05-24T21:13:15","slug":"yo-para-ser-sacerdote-no-estudio-jhon-elkin-castano-nuevo-pastor-de-la-iglesia-surgido-de-granada","status":"publish","type":"post","link":"https:\/\/www.desdegranada.com\/site\/?p=387","title":{"rendered":"\u00a0\u201cYo para ser sacerdote no estudio\u201d: Jhon Elkin Casta\u00f1o, nuevo pastor de la iglesia surgido de Granada"},"content":{"rendered":"<p style=\"text-align: justify;\">\u201cMe he sentido muy contento, muy realizado. He sentido que la vocaci\u00f3n que Dios hab\u00eda cultivado en mi desde todo este tiempo, se ha realizado y que me ha dado felicidad y mucha alegr\u00eda, y aqu\u00ed en Granada, como sabemos, la gente quiere mucho los sacerdotes y lo hacen a uno sentir muy bien, le hacen a uno sentir a\u00fan m\u00e1s esa alegr\u00eda de ser sacerdote.\u00a0 Ver l\u00e1grimas de la familia es apenas normal, pero de gente que ni siquiera uno la conoce tan bien o que no es tan \u00edntimo, lo deja a uno conmovido, manifiesta esa alegr\u00eda tambi\u00e9n para ellos\u201d, expresa con la emoci\u00f3n a\u00fan evidente.<\/p>\n<p style=\"text-align: justify;\">En la plazoleta Tiberio de J. Salazar y Herrera, frente al templo parroquial, tuvimos la oportunidad de conversar con el reci\u00e9n ordenado sacerdote. De adentrarnos en su vida, en sus or\u00edgenes. De conocer sus altibajos y las dificultades a las que hizo frente, junto con su familia, para ser hoy un mensajero de Dios en la tierra.<\/p>\n<p style=\"text-align: justify;\">Jhon Elkin es uno de los hermanos menores entre 14 hijos -12 hombres y 2 mujeres-, es un hombre callado y m\u00e1s bien t\u00edmido. En la calle su saludo casi siempre es un leve movimiento de cabeza. \u00c9l, con cada gesto refleja la humildad que le inculcaron sus padres desde casa. El hecho de ser junto a sus dos hermanas los \u00fanicos en haber estudiado el bachillerato, alimentaban en su madre el sue\u00f1o de tener un hijo sacerdote.<\/p>\n<p style=\"text-align: justify;\">\u201cRecuerdo que mi mam\u00e1 me dec\u00eda que ve\u00eda en mi vocaci\u00f3n y yo sent\u00eda dentro de mi como que no. Yo me hac\u00eda esa pregunta, soy el \u00fanico de los hermanos hombres que ha estudiado. Ya voy en noveno, ya me van a exigir que tenga una carrera, va a haber una responsabilidad. Entonces al sentir ese peso y al recordar las palabras de mi mam\u00e1 de que de pronto yo pod\u00eda ser sacerdote, que mirara esa posibilidad, yo dije no, yo para ser sacerdote no estudio\u201d.<\/p>\n<p style=\"text-align: justify;\">Con varias interrupciones entre un grado y otro logr\u00f3 finalmente terminar su bachillerato. De la misma manera, su paso por el seminario tuvo pausas en las que se cuestionaba si realmente el camino que quer\u00eda seguir era el de la vida consagrada.<\/p>\n<p style=\"text-align: justify;\"><img decoding=\"async\" src=\"images\/Pbro_Jhon_Elkin_1.jpg\" alt=\"\" \/><\/p>\n<p style=\"text-align: justify;\">Abandon\u00f3 por cerca de dos a\u00f1os sus estudios para formarse como sacerdote. Prob\u00f3 el licor, el cigarrillo e incluso tuvo un noviazgo corto, pero eso no le llenaba, se sent\u00eda incompleto, cre\u00eda que a su vida algo le segu\u00eda faltando.<\/p>\n<p style=\"text-align: justify;\">\u201cLleg\u00f3 un momento en que yo desorient\u00e9 mi vida totalmente. Empec\u00e9 en los caminos del alcohol, inclusive probaba algo el cigarrillo y sent\u00eda una cierta desilusi\u00f3n de la vida, llegu\u00e9 a tener pensamientos de suicidarme. No le ve\u00eda sentido a la vida, pero a ra\u00edz de eso se dio un giro espiritual en mi vida. Empezaron a pasar ciertos acontecimientos que hicieron que yo volviera a reavivar esa vocaci\u00f3n y a mirar yo qu\u00e9 quer\u00eda hacer con mi vida\u201d.<\/p>\n<p style=\"text-align: justify;\">Todo su proceso se vio retrasado. En lo relacionado a su ministerio, tanto su ordenaci\u00f3n diaconal como su ordenaci\u00f3n sacerdotal, que era ya la recompensa a todo su proceso de preparaci\u00f3n, se fueron aplazando debido a algunos momentos de indecisi\u00f3n, de reflexi\u00f3n, pero finalmente, ese instante tan ansiado lleg\u00f3.<\/p>\n<p style=\"text-align: justify;\">\u201cExperimenta uno mucha alegr\u00eda porque es ver la culminaci\u00f3n de todo lo que uno ha proyectado. Uno siente tanta alegr\u00eda que se va para el sagrario a agradecerle a Dios y a llorar. Uno llora de la alegr\u00eda, les comparte esa alegr\u00eda a los pap\u00e1s\u201d.<\/p>\n<p style=\"text-align: justify;\"><img loading=\"lazy\" decoding=\"async\" src=\"images\/Pbro_Jhon_Elkin_2.jpg\" alt=\"\" width=\"750\" height=\"439\" \/><\/p>\n<p style=\"text-align: justify;\">Las charlas con otros j\u00f3venes seminaristas, las tardes de f\u00fatbol, las jornadas de clase y los momentos de oraci\u00f3n, son algunos de sus mejores recuerdos en el camino de preparaci\u00f3n para ser sacerdote.<\/p>\n<p style=\"text-align: justify;\">\u201cEra un tiempo muy bonito, un tiempo en el que se vive con una disciplina muy grande, por las levantadas a las 5:30 am, las laudes a las 6:00 am, luego la eucarist\u00eda a las 6:45 am, a las 7:00 am el desayuno y luego a las 8:00 am la jornada de clase hasta el mediod\u00eda. Luego ten\u00edamos una etapa de deporte desde el mediod\u00eda hasta las 2:30 pm, luego esa jornada se llamaba de estudio personal, entonces uno le\u00eda o hac\u00eda los talleres o actividades que dejaban los sacerdotes. En la tarde a las 6:00 pm se ten\u00eda el rezo de las v\u00edsperas, luego se ten\u00eda la comida y despu\u00e9s de la comida se ten\u00eda otro descanso, un tiempo de esparcimiento, de conversar con los compa\u00f1eros seminaristas, con los formadores, de ir conociendo la vida de cada uno y ya luego a las 9:00 pm lo llaman el gran silencio; ya todo el mundo debe estar en silencio en su habitaci\u00f3n para meditar, para reflexionar, para orar. Tambi\u00e9n se ten\u00edan esos tiempos fuertes de Semana Santa y navidad y era algo muy bonito\u201d.<\/p>\n<p style=\"text-align: justify;\">La primera misi\u00f3n, cuando, a\u00fan estaba en su etapa de formaci\u00f3n como seminarista fue una de las experiencias m\u00e1s significativas para Jhon Elkin. En ese momento lo enviaron a un corregimiento de Anserma, Caldas a apoyar la celebraci\u00f3n de la Semana Santa.<\/p>\n<p style=\"text-align: justify;\">\u201cEra algo muy bonito. Me enviaron a un corregimiento, solo. No ten\u00eda casi conocimientos de teolog\u00eda, y yo recuerdo que predicaba de una manera que quisiera hacerlo ahora como predicador. Yo dec\u00eda, esto es incre\u00edble, definitivamente Dios obra en uno\u201d.<\/p>\n<p style=\"text-align: justify;\">Una particularidad en el ministerio sacerdotal del padre Jhon Elkin, es el tiempo en el que recibi\u00f3 este regalo del cielo. Su ordenaci\u00f3n se dio en medio de la pandemia, por lo que la incertidumbre rodeaba la fecha en la que se convertir\u00eda en un nuevo obrero de la mies del Se\u00f1or, pero los planes de Dios son perfectos y ese momento que tanto \u00e9l como su madre y dem\u00e1s miembros de su familia anhelaban, lleg\u00f3.<\/p>\n<p style=\"text-align: justify;\">\u201cLe pido al Se\u00f1or que me d\u00e9 entender y saborear qu\u00e9 es ser sacerdote y c\u00f3mo vivir ese sacerdocio realmente. Celebrando las primeras eucarist\u00edas es esa alegr\u00eda tan grande el tener el cuerpo de Cristo en las manos. Saber que Cristo viene a esa hostia a trav\u00e9s de uno, es una alegr\u00eda demasiado grande. Ah\u00ed es donde empieza uno a darse cuenta: soy sacerdote\u201d.<\/p>\n<p>\u00a0<\/p>\n","protected":false},"excerpt":{"rendered":"<p style=\"text-align: justify;\">Han pasado un poco m\u00e1s de dos semanas a partir de esa ma\u00f1ana del jueves 6 de mayo, en la que, de manos de Monse\u00f1or Fidel Le\u00f3n Cadavid Mar\u00edn, el granadino Jhon Elkin Casta\u00f1o, nacido en el seno de una familia humilde de la vereda La Cascada, recibi\u00f3 el sacramento de la ordenaci\u00f3n sacerdotal.<\/p>\n","protected":false},"author":1,"featured_media":0,"comment_status":"open","ping_status":"open","sticky":false,"template":"","format":"standard","meta":{"footnotes":""},"categories":[20],"tags":[],"class_list":["post-387","post","type-post","status-publish","format-standard","hentry","category-columnistas"],"_links":{"self":[{"href":"https:\/\/www.desdegranada.com\/site\/index.php?rest_route=\/wp\/v2\/posts\/387","targetHints":{"allow":["GET"]}}],"collection":[{"href":"https:\/\/www.desdegranada.com\/site\/index.php?rest_route=\/wp\/v2\/posts"}],"about":[{"href":"https:\/\/www.desdegranada.com\/site\/index.php?rest_route=\/wp\/v2\/types\/post"}],"author":[{"embeddable":true,"href":"https:\/\/www.desdegranada.com\/site\/index.php?rest_route=\/wp\/v2\/users\/1"}],"replies":[{"embeddable":true,"href":"https:\/\/www.desdegranada.com\/site\/index.php?rest_route=%2Fwp%2Fv2%2Fcomments&post=387"}],"version-history":[{"count":0,"href":"https:\/\/www.desdegranada.com\/site\/index.php?rest_route=\/wp\/v2\/posts\/387\/revisions"}],"wp:attachment":[{"href":"https:\/\/www.desdegranada.com\/site\/index.php?rest_route=%2Fwp%2Fv2%2Fmedia&parent=387"}],"wp:term":[{"taxonomy":"category","embeddable":true,"href":"https:\/\/www.desdegranada.com\/site\/index.php?rest_route=%2Fwp%2Fv2%2Fcategories&post=387"},{"taxonomy":"post_tag","embeddable":true,"href":"https:\/\/www.desdegranada.com\/site\/index.php?rest_route=%2Fwp%2Fv2%2Ftags&post=387"}],"curies":[{"name":"wp","href":"https:\/\/api.w.org\/{rel}","templated":true}]}}