{"id":388,"date":"2021-05-26T17:05:56","date_gmt":"2021-05-26T17:05:56","guid":{"rendered":"https:\/\/www.desdegranada.com\/site\/?p=388"},"modified":"2021-05-26T17:05:56","modified_gmt":"2021-05-26T17:05:56","slug":"ninos-y-jovenes-ciclistas-de-granada-se-toman-las-vias-en-medio-de-campana-de-seguridad-vial","status":"publish","type":"post","link":"https:\/\/www.desdegranada.com\/site\/?p=388","title":{"rendered":"Ni\u00f1os y j\u00f3venes ciclistas de Granada se toman las v\u00edas en medio de campa\u00f1a de seguridad vial"},"content":{"rendered":"<p style=\"text-align: justify;\">Y es que en el marco del mes del ciclista los agentes de tr\u00e1nsito de Granada con apoyo de la administraci\u00f3n municipal y el club escuela de ciclismo, decidieron promover una actividad que le apuesta a incentivar el uso de la bicicleta, pero que tiene tambi\u00e9n un fin educativo, y es involucrar a los ciclistas de manera m\u00e1s directa en la seguridad vial.<\/p>\n<p style=\"text-align: justify;\"><img loading=\"lazy\" decoding=\"async\" src=\"images\/Mes_del_ciclista_1.jpg\" width=\"750\" height=\"439\" \/><\/p>\n<p style=\"text-align: justify;\">\u201cLos ciclistas somos parte fundamental de las v\u00edas porque d\u00eda a d\u00eda las personas est\u00e1n eligiendo la bicicleta como medio de transporte y los \u00edndices de accidentalidad en el ciclismo se han aumentado mucho, entonces hay que trabajarle al tema de que conozcan las normas de tr\u00e1nsito, que ponga su granito de arena cada persona para contribuir a unas v\u00edas m\u00e1s seguras y disminuir la accidentalidad\u201d, explic\u00f3 sobre la idea del evento Sebasti\u00e1n Romero, agente de tr\u00e1nsito de Granada.<\/p>\n<p style=\"text-align: justify;\"><img loading=\"lazy\" decoding=\"async\" src=\"images\/Mes_del_ciclista_2.jpg\" alt=\"\" width=\"750\" height=\"439\" \/><\/p>\n<p style=\"text-align: justify;\">La actividad cont\u00f3 con una positiva participaci\u00f3n, especialmente de los ni\u00f1os del municipio, que se tomaron la v\u00eda aleda\u00f1a al templo parroquial para integrarse y disfrutar sobre su \u2018caballito de acero\u2019. Estas son las opiniones de algunos de los asistentes:<\/p>\n<p style=\"text-align: justify;\">\u201cLo que digo es que la bicicleta es lo mejor del mundo. Uno siente el viento y una paz y tranquilidad\u201d &#8211; Emanuel Hoyos Giraldo.<\/p>\n<p style=\"text-align: justify;\">\u201cYo desde chiquito entreno bicicleta y estoy ac\u00e1 participando de esta carrera porque quiero aprender m\u00e1s\u201d \u2013 Juan Miguel Arias.<\/p>\n<p style=\"text-align: justify;\">\u201cMe gusta el ciclismo porque es un deporte muy bueno. Tambi\u00e9n me gusta participar de las actividades. Los invito a que usen el casco por si se caen no se aporreen\u201d &#8211; Santiago Parra Ocampo.<\/p>\n<p style=\"text-align: justify;\">Como Emanuel, Santiago y Juan Miguel, m\u00e1s de 60 ni\u00f1os y j\u00f3venes asistieron con su bicicleta para sumarse al mes del ciclista, que tuvo acci\u00f3n desde horas de la ma\u00f1ana, y disfrutar de las diferentes modalidades que ofrece esta disciplina deportiva.<\/p>\n","protected":false},"excerpt":{"rendered":"<p style=\"text-align: justify;\">En este mes de mayo, cuando en el pa\u00eds de la bota se desarrolla el Giro d&#8217;Italia, una de las competiciones cicl\u00edsticas m\u00e1s importantes del mundo, llega tambi\u00e9n a Granada la fiebre por el deporte del pedal.<\/p>\n","protected":false},"author":1,"featured_media":0,"comment_status":"open","ping_status":"open","sticky":false,"template":"","format":"standard","meta":{"footnotes":""},"categories":[19],"tags":[],"class_list":["post-388","post","type-post","status-publish","format-standard","hentry","category-noticias"],"_links":{"self":[{"href":"https:\/\/www.desdegranada.com\/site\/index.php?rest_route=\/wp\/v2\/posts\/388","targetHints":{"allow":["GET"]}}],"collection":[{"href":"https:\/\/www.desdegranada.com\/site\/index.php?rest_route=\/wp\/v2\/posts"}],"about":[{"href":"https:\/\/www.desdegranada.com\/site\/index.php?rest_route=\/wp\/v2\/types\/post"}],"author":[{"embeddable":true,"href":"https:\/\/www.desdegranada.com\/site\/index.php?rest_route=\/wp\/v2\/users\/1"}],"replies":[{"embeddable":true,"href":"https:\/\/www.desdegranada.com\/site\/index.php?rest_route=%2Fwp%2Fv2%2Fcomments&post=388"}],"version-history":[{"count":0,"href":"https:\/\/www.desdegranada.com\/site\/index.php?rest_route=\/wp\/v2\/posts\/388\/revisions"}],"wp:attachment":[{"href":"https:\/\/www.desdegranada.com\/site\/index.php?rest_route=%2Fwp%2Fv2%2Fmedia&parent=388"}],"wp:term":[{"taxonomy":"category","embeddable":true,"href":"https:\/\/www.desdegranada.com\/site\/index.php?rest_route=%2Fwp%2Fv2%2Fcategories&post=388"},{"taxonomy":"post_tag","embeddable":true,"href":"https:\/\/www.desdegranada.com\/site\/index.php?rest_route=%2Fwp%2Fv2%2Ftags&post=388"}],"curies":[{"name":"wp","href":"https:\/\/api.w.org\/{rel}","templated":true}]}}