{"id":389,"date":"2021-05-28T14:43:01","date_gmt":"2021-05-28T14:43:01","guid":{"rendered":"https:\/\/www.desdegranada.com\/site\/?p=389"},"modified":"2021-05-28T14:43:01","modified_gmt":"2021-05-28T14:43:01","slug":"administracion-municipal-de-el-santuario-hace-intervencion-en-la-via-el-ramal-rancho-verde","status":"publish","type":"post","link":"https:\/\/www.desdegranada.com\/site\/?p=389","title":{"rendered":"Administraci\u00f3n municipal de\u00a0El Santuario hace intervenci\u00f3n en la v\u00eda El Ramal &#8211; Rancho Verde"},"content":{"rendered":"<p style=\"text-align: justify;\">La ventaja es que comunica con el municipio de Cocorn\u00e1 y algunos conductores la usan para hacer el desv\u00edo en el sitio conocido como \u201cLa Mayor\u00eda\u201d y al llegar a Cocorn\u00e1, se hace f\u00e1cil para salir nuevamente a la autopista y seguir su rumbo.<\/p>\n<p style=\"text-align: justify;\"><img loading=\"lazy\" decoding=\"async\" src=\"images\/Va_Rancho_Verde_1.jpg\" alt=\"\" width=\"750\" height=\"439\" \/><\/p>\n<p style=\"text-align: justify;\">Es entonces casi que necesario mantener esta v\u00eda en buen estado, ya que no solo sirve para el desv\u00edo cuando la autopista presente cierres, sino tambi\u00e9n para que los campesinos de Granada, Cocorn\u00e1 y El Santuario puedan transportarse de la mejor manera.<\/p>\n<p style=\"text-align: justify;\">Recientemente la administraci\u00f3n municipal de El Santuario prest\u00f3 la maquinaria para que se le pudiera hacer mantenimiento, ya que era evidente el deterioro en esta. \u201cAgradecemos al alcalde de Santuario Juan David Zuluaga que nos prest\u00f3 la maquinaria y nos raspo la carretera y le ech\u00f3 material a la carretera\u201d, dijo Oliverio Vergara quien se transporta permanentemente por esta v\u00eda.<\/p>\n<p style=\"text-align: justify;\"><img loading=\"lazy\" decoding=\"async\" src=\"images\/Va_Rancho_Verde_2.jpg\" alt=\"\" width=\"750\" height=\"439\" \/><\/p>\n<p style=\"text-align: justify;\">En esta misma din\u00e1mica, se hace un llamado para que, en alianza, las administraciones municipales tambi\u00e9n le pongan la mano a la v\u00eda Granada &#8211; autopista ya que requiere de una importante intervenci\u00f3n, pues tiene varios huecos, se necesita que algunos derrumbes que han ca\u00eddo por las fuertes lluvias sean retirados totalmente\u00a0y adem\u00e1s hace falta una rocer\u00eda ya que hay varios tramos en los que la hierva le ha ganado terreno a la carretera y pueden causar accidentes.<\/p>\n","protected":false},"excerpt":{"rendered":"<p style=\"text-align: justify;\">La v\u00eda El Ramal &#8211; Rancho Verde &#8211; El Choc\u00f3, ha servido de alternativa las veces que la autopista Medell\u00edn &#8211; Bogot\u00e1, la cual es considera una de las m\u00e1s importante del pa\u00eds, ha sufrido cierres por derrumbes o perdidas de la banca.<\/p>\n","protected":false},"author":1,"featured_media":0,"comment_status":"open","ping_status":"open","sticky":false,"template":"","format":"standard","meta":{"footnotes":""},"categories":[19],"tags":[],"class_list":["post-389","post","type-post","status-publish","format-standard","hentry","category-noticias"],"_links":{"self":[{"href":"https:\/\/www.desdegranada.com\/site\/index.php?rest_route=\/wp\/v2\/posts\/389","targetHints":{"allow":["GET"]}}],"collection":[{"href":"https:\/\/www.desdegranada.com\/site\/index.php?rest_route=\/wp\/v2\/posts"}],"about":[{"href":"https:\/\/www.desdegranada.com\/site\/index.php?rest_route=\/wp\/v2\/types\/post"}],"author":[{"embeddable":true,"href":"https:\/\/www.desdegranada.com\/site\/index.php?rest_route=\/wp\/v2\/users\/1"}],"replies":[{"embeddable":true,"href":"https:\/\/www.desdegranada.com\/site\/index.php?rest_route=%2Fwp%2Fv2%2Fcomments&post=389"}],"version-history":[{"count":0,"href":"https:\/\/www.desdegranada.com\/site\/index.php?rest_route=\/wp\/v2\/posts\/389\/revisions"}],"wp:attachment":[{"href":"https:\/\/www.desdegranada.com\/site\/index.php?rest_route=%2Fwp%2Fv2%2Fmedia&parent=389"}],"wp:term":[{"taxonomy":"category","embeddable":true,"href":"https:\/\/www.desdegranada.com\/site\/index.php?rest_route=%2Fwp%2Fv2%2Fcategories&post=389"},{"taxonomy":"post_tag","embeddable":true,"href":"https:\/\/www.desdegranada.com\/site\/index.php?rest_route=%2Fwp%2Fv2%2Ftags&post=389"}],"curies":[{"name":"wp","href":"https:\/\/api.w.org\/{rel}","templated":true}]}}