{"id":394,"date":"2021-06-14T19:50:25","date_gmt":"2021-06-14T19:50:25","guid":{"rendered":"https:\/\/www.desdegranada.com\/site\/?p=394"},"modified":"2021-06-14T19:50:25","modified_gmt":"2021-06-14T19:50:25","slug":"granada-completo-dos-dias-sin-gas-domiciliario-por-red-alcaldia-solicito-a-epm-ingresar-por-vias-alternas-mientras-que-empresas-publicas-manifiesta-que-no-es-posible","status":"publish","type":"post","link":"https:\/\/www.desdegranada.com\/site\/?p=394","title":{"rendered":"Granada complet\u00f3 dos d\u00edas sin gas domiciliario por red. Alcald\u00eda solicit\u00f3 a EPM ingresar por v\u00edas alternas, mientras que empresas p\u00fablicas manifiesta que no es posible"},"content":{"rendered":"<p style=\"text-align: justify;\">Ya son dos comunicados de prensa por parte de EPM en los que manifiesta que no es posible llegar al casco urbano de Granada para abastecer de gas a la comunidad y normalizar el servicio, debido al mal estado de la v\u00eda.<\/p>\n<p style=\"text-align: justify;\">Freddy Casta\u00f1o Aristiz\u00e1bal manifest\u00f3 a trav\u00e9s de twitter \u201cqu\u00e9 espera EPM para restablecer servicio de gas domiciliario por red en Granada. Hay varias v\u00edas de acceso a la planta de descomprensi\u00f3n local\u201d por su parte la empresa prestadora del servicio respondi\u00f3 en comunicado de prensa: \u201cLas rutas Cocorn\u00e1 y San Calos no son aptas para este tipo de automotor, ya que su estado no ofrece las dimensiones ni las condiciones de seguridad para transportar el gas natural comprimido, el cual debe realizarse bajo factores controlados que garanticen la seguridad de la infraestructura, la salud de las personas y el cuidado del medio ambiente\u201d.<\/p>\n<p style=\"text-align: justify;\"><img decoding=\"async\" src=\"images\/GAs_natural_Granada_1.jpg\" alt=\"\" \/><\/p>\n<p style=\"text-align: justify;\">El problema para el ingreso por parte de veh\u00edculo de la empresa EPM se debe nuevamente a la agudizaci\u00f3n del paso malo cerca de la autopista Medell\u00edn \u2013 Bogot\u00e1, . All\u00ed una falla geol\u00f3gica presenta recurrentemente hundimiento de la banca, lo que genera dificultad para pasar por este punto. Recordemos que est\u00e1 v\u00eda es secundaria, por lo que es responsabilidad de la Gobernaci\u00f3n de Antioquia.<\/p>\n<p style=\"text-align: justify;\">Al respecto el Secretario de Infraestructura del Departamento, Santiago Sierra expres\u00f3: \u201cnosotros ya hicimos unas visitas t\u00e9cnicas, estuvimos en comunicaci\u00f3n con el alcalde de Granada buscando concretar un lleno temporal entendiendo que esta es una soluci\u00f3n temporal. Los dise\u00f1os ya se desarrollaron son unos muros sobre pilas con un costo aproximado de mil seiscientos millones de pesos que esperamos ejecutar en el corto plazo, por el momento nos hemos propuesto llegar el martes para hacer unos llenos temporales para mitigar los problemas de transporte en el territorio.\u201d<\/p>\n","protected":false},"excerpt":{"rendered":"<p style=\"text-align: justify;\">El municipio complet\u00f3 dos d\u00edas sin gas domiciliario por red, el motivo: el mal estado de la v\u00eda Granada &#8211; El Santuario, sobre el sector del Alto del Palmar, que impide ingreso del veh\u00edculo que transporta el gas comprimido a la estaci\u00f3n descomprensora.<\/p>\n","protected":false},"author":1,"featured_media":0,"comment_status":"open","ping_status":"open","sticky":false,"template":"","format":"standard","meta":{"footnotes":""},"categories":[19],"tags":[],"class_list":["post-394","post","type-post","status-publish","format-standard","hentry","category-noticias"],"_links":{"self":[{"href":"https:\/\/www.desdegranada.com\/site\/index.php?rest_route=\/wp\/v2\/posts\/394","targetHints":{"allow":["GET"]}}],"collection":[{"href":"https:\/\/www.desdegranada.com\/site\/index.php?rest_route=\/wp\/v2\/posts"}],"about":[{"href":"https:\/\/www.desdegranada.com\/site\/index.php?rest_route=\/wp\/v2\/types\/post"}],"author":[{"embeddable":true,"href":"https:\/\/www.desdegranada.com\/site\/index.php?rest_route=\/wp\/v2\/users\/1"}],"replies":[{"embeddable":true,"href":"https:\/\/www.desdegranada.com\/site\/index.php?rest_route=%2Fwp%2Fv2%2Fcomments&post=394"}],"version-history":[{"count":0,"href":"https:\/\/www.desdegranada.com\/site\/index.php?rest_route=\/wp\/v2\/posts\/394\/revisions"}],"wp:attachment":[{"href":"https:\/\/www.desdegranada.com\/site\/index.php?rest_route=%2Fwp%2Fv2%2Fmedia&parent=394"}],"wp:term":[{"taxonomy":"category","embeddable":true,"href":"https:\/\/www.desdegranada.com\/site\/index.php?rest_route=%2Fwp%2Fv2%2Fcategories&post=394"},{"taxonomy":"post_tag","embeddable":true,"href":"https:\/\/www.desdegranada.com\/site\/index.php?rest_route=%2Fwp%2Fv2%2Ftags&post=394"}],"curies":[{"name":"wp","href":"https:\/\/api.w.org\/{rel}","templated":true}]}}