{"id":395,"date":"2021-06-14T19:59:02","date_gmt":"2021-06-14T19:59:02","guid":{"rendered":"https:\/\/www.desdegranada.com\/site\/?p=395"},"modified":"2021-06-14T19:59:02","modified_gmt":"2021-06-14T19:59:02","slug":"el-martes-llegamos-a-realizar-un-lleno-provisional-ya-tenemos-los-disenos-de-la-solucion-final-que-tienen-un-costo-de-1-600-millones-gobernacion-sobre-paso-malo-en-via-granada-autopista","status":"publish","type":"post","link":"https:\/\/www.desdegranada.com\/site\/?p=395","title":{"rendered":"\u00abEl martes llegamos a realizar un lleno provisional. Ya tenemos los dise\u00f1os de la soluci\u00f3n final que tienen un costo de 1.600 millones\u00bb\u00a0Gobernaci\u00f3n sobre paso malo en v\u00eda Granada- Autopista\u00a0"},"content":{"rendered":"<p style=\"text-align: justify;\">Muchas son las dificultades que han tenido que afrontar las personas que\u00a0se movilizan permanentemente sobre la v\u00eda Granada &#8211; Auntopista, especialmente en el paso malo cerca a La Mayor\u00eda. All\u00ed, una falla geol\u00f3gica hist\u00f3ricamente ha tenido este punto intransitable, especialmente en temporada invernal.<\/p>\n<p style=\"text-align: justify;\">Las comunidades han visto como\u00a0cada soluci\u00f3n que se da a este problema no es m\u00e1s que algo\u00a0temporal, pero\u00a0la necesidad es de algo definitivo y ese es el llamado que se hace a la Gobernaci\u00f3n de Antioquia: Se necesitan soluciones definitivas.<\/p>\n<p style=\"text-align: justify;\">Nuevamente la Gobernaci\u00f3n anuncia soluciones provisionales, pero da una luz de poder llegar a resolver el problema de ra\u00edz, esto fue lo que manifest\u00f3 el secretario de infraestructura f\u00edsica del departamento, Santiago Sierra \u201cnosotros ya hicimos unas visitas t\u00e9cnicas, estuvimos en comunicaci\u00f3n con el alcalde de Granada buscando concretar un lleno temporal entendiendo que esta es una soluci\u00f3n temporal. Los dise\u00f1os ya se desarrollaron son unos muros sobre pilas con un costo aproximado de mil seiscientos millones de pesos que esperamos ejecutar en el corto plazo, por el momento nos hemos propuesto llegar el martes para hacer unos llenos temporales para mitigar los problemas de transporte en el territorio.\u201d<\/p>\n","protected":false},"excerpt":{"rendered":"<p style=\"text-align: justify;\">El tr\u00e1nsito entra Granada y El Santuario sobre todo en el sector del Alto del Palmar, es un problema que con cada ola invernal se agudiza, mientras las soluciones que se plantean son temporales.<\/p>\n","protected":false},"author":1,"featured_media":0,"comment_status":"open","ping_status":"open","sticky":false,"template":"","format":"standard","meta":{"footnotes":""},"categories":[19],"tags":[],"class_list":["post-395","post","type-post","status-publish","format-standard","hentry","category-noticias"],"_links":{"self":[{"href":"https:\/\/www.desdegranada.com\/site\/index.php?rest_route=\/wp\/v2\/posts\/395","targetHints":{"allow":["GET"]}}],"collection":[{"href":"https:\/\/www.desdegranada.com\/site\/index.php?rest_route=\/wp\/v2\/posts"}],"about":[{"href":"https:\/\/www.desdegranada.com\/site\/index.php?rest_route=\/wp\/v2\/types\/post"}],"author":[{"embeddable":true,"href":"https:\/\/www.desdegranada.com\/site\/index.php?rest_route=\/wp\/v2\/users\/1"}],"replies":[{"embeddable":true,"href":"https:\/\/www.desdegranada.com\/site\/index.php?rest_route=%2Fwp%2Fv2%2Fcomments&post=395"}],"version-history":[{"count":0,"href":"https:\/\/www.desdegranada.com\/site\/index.php?rest_route=\/wp\/v2\/posts\/395\/revisions"}],"wp:attachment":[{"href":"https:\/\/www.desdegranada.com\/site\/index.php?rest_route=%2Fwp%2Fv2%2Fmedia&parent=395"}],"wp:term":[{"taxonomy":"category","embeddable":true,"href":"https:\/\/www.desdegranada.com\/site\/index.php?rest_route=%2Fwp%2Fv2%2Fcategories&post=395"},{"taxonomy":"post_tag","embeddable":true,"href":"https:\/\/www.desdegranada.com\/site\/index.php?rest_route=%2Fwp%2Fv2%2Ftags&post=395"}],"curies":[{"name":"wp","href":"https:\/\/api.w.org\/{rel}","templated":true}]}}