{"id":396,"date":"2021-06-14T22:18:36","date_gmt":"2021-06-14T22:18:36","guid":{"rendered":"https:\/\/www.desdegranada.com\/site\/?p=396"},"modified":"2021-06-14T22:18:36","modified_gmt":"2021-06-14T22:18:36","slug":"epm-no-esta-aqui","status":"publish","type":"post","link":"https:\/\/www.desdegranada.com\/site\/?p=396","title":{"rendered":"EPM: \u00a1No est\u00e1 aqu\u00ed!"},"content":{"rendered":"<p style=\"text-align: justify;\">Aunque es solo uno de los servicios que tiene esta entidad: el servicio de gas domiciliario, es la antesala, el pre\u00e1mbulo, para ver el futuro de esta importante empresa.\u00a0 Cuatro d\u00edas sin gas en un municipio es un extra\u00f1o castigo que no se merece todo un pueblo; para darle m\u00e1s dramatismo a esta situaci\u00f3n, era un puente largo con el invierno inspirado; las respuestas humillantes, la prepotencia y la arrogancia de los servidores de esta empresa, promueve un desd\u00e9n y el inicio de un desprestigio a una empresa, que en otrora era la empresa p\u00fablica m\u00e1s importante del pa\u00eds.<\/p>\n<p style=\"text-align: justify;\">Viendo a los vecinos prestar los empolvados fogones de energ\u00eda, sacar las pipetas que emit\u00edan una llama amarilla, esperar que alguien terminara de hacer el desayuno para prestar el fog\u00f3n, fue el escenario m\u00e1s recurrente este fin de semana.\u00a0 Los asados ya no eran un escenario de entretenimiento sino una necesidad, los carbones que ya se hab\u00edan mojado por el invierno implacable que acaeci\u00f3 esta semana, son el reflejo del oscuro panorama que tuvimos que pasar en Granada; comiendo pan viejo en el desayuno, porque sacamos las sanducheras para no morirnos de hambre, sabiendo que la aguapanela se hac\u00eda en la olla arrocera, y luego pasarla a una olla, para hacer el arroz, y despu\u00e9s fritar las tajadas, fue el macondiano escenario de un fin de semana donde EPM nunca apareci\u00f3. La olla arrocera fue la que salv\u00f3 este fin de semana, reemplaz\u00f3 a EPM, que igual va a cobrar el servicio de energ\u00eda, pero que mostr\u00f3 una absoluta mediocridad en un servicio que ya se hab\u00eda arraigado en los granadinos.<\/p>\n<p style=\"text-align: justify;\">Madrugar m\u00e1s a recoger le\u00f1a para poder hacer los tragos y el almuerzo, el pelo de la gente tupido de holl\u00edn y ceniza porque EPM dio respuestas humillantes, que no se ve en la factura, una empresa que fue grande ahora da problemas donde antes ve\u00eda oportunidades, una excusa para que la gente no tuviese la oportunidad de cocinar en el confort de su cocina, se convirti\u00f3 en una indignante respuesta que le quita credibilidad a una empresa que era avanzada en la soluci\u00f3n de problemas, que para ser realistas, fue una situaci\u00f3n f\u00e1cil de manejar.<\/p>\n<p style=\"text-align: justify;\">La excusa de EPM se refiere al paso malo que conecta el municipio de El Santuario con Granada, entre el sector denominado La Mayor\u00eda y el Alto del Palmar, sabemos que s\u00ed es una problem\u00e1tica seria, y que pudo haber sido dif\u00edcil el acceso de un carro largo, sin embargo, nunca pensaron en alternativas para que esta problem\u00e1tica se convirtiera en oportunidad, la excusa trillada, burda, necia y sin argumentos se sustent\u00f3: \u201cel carro no puede pasar por ah\u00ed, porque puede haber una accidente y eso puede ser peor\u201d. \u00a1Qu\u00e9 respuesta tan poco inteligente!, lograron represar uno de los r\u00edos m\u00e1s poderosos del pa\u00eds para una central hidroel\u00e9ctrica, no son capaz de andar 50 metros de v\u00eda afectada, pero transitable; adem\u00e1s, Granada tiene otros accesos que bien pudieron usar y otra soluci\u00f3n m\u00e1s racional, se nota que no pensaron en soluciones, y solo se llenaron de excusas.\u00a0 Pudieron haber hecho transbordo del gas, enviarlo individualmente por camiones, en fin, soluciones pudo haber existido, pero era puente y los gerentes no pod\u00edan pensar en la gente.<\/p>\n<p style=\"text-align: justify;\">Ser\u00e1 que para la factura tambi\u00e9n tendr\u00e1n el mismo argumento de que no ten\u00edan acceso para la entregarla a la gente, o que las ollas quemadas de los viejos se logren recuperar, o que el olor a quemado concentradas en las casas sean reconocidos por EPM, pero no, no hubo sentido de lo humano, no hubo voluntad para cumplir con el deber de un servicio p\u00fablico, que, entre otras cosas, es un derecho fundamental, porque los servicios p\u00fablicos son derechos fundamentales.<\/p>\n<p style=\"text-align: justify;\">Me inquieta saber la manera como EPM se revindica con todos los habitantes de Granada, que no podr\u00edamos estar en una situaci\u00f3n tan incomoda.\u00a0 Igual, esta situaci\u00f3n tambi\u00e9n nos lleva a entender que las Empresas P\u00fablicas de Medell\u00edn se puede reemplazar por la olla arrocera.<\/p>\n","protected":false},"excerpt":{"rendered":"<p style=\"text-align: justify;\">Por: Ra\u00fal V\u00e9lez Tamayo.<\/p>\n<p style=\"text-align: justify;\">Durante tiempos inmemorables hemos dicho que las Empresas P\u00fablicas de Medell\u00edn son un ejemplo para el pa\u00eds, que tienen la cualidad de poner en alto el nombre no solo de la capital de Antioquia, sino de todos los antioque\u00f1os.\u00a0 Como empresa ha demostrado calidad, presencia y eficacia, enorgulleciendo nuestro patrimonio empresarial; sin embargo, todo va cambiando, el detrimento de este orgullo se va diluyendo como el ocaso de la tarde.<\/p>\n","protected":false},"author":1,"featured_media":0,"comment_status":"open","ping_status":"open","sticky":false,"template":"","format":"standard","meta":{"footnotes":""},"categories":[20],"tags":[],"class_list":["post-396","post","type-post","status-publish","format-standard","hentry","category-columnistas"],"_links":{"self":[{"href":"https:\/\/www.desdegranada.com\/site\/index.php?rest_route=\/wp\/v2\/posts\/396","targetHints":{"allow":["GET"]}}],"collection":[{"href":"https:\/\/www.desdegranada.com\/site\/index.php?rest_route=\/wp\/v2\/posts"}],"about":[{"href":"https:\/\/www.desdegranada.com\/site\/index.php?rest_route=\/wp\/v2\/types\/post"}],"author":[{"embeddable":true,"href":"https:\/\/www.desdegranada.com\/site\/index.php?rest_route=\/wp\/v2\/users\/1"}],"replies":[{"embeddable":true,"href":"https:\/\/www.desdegranada.com\/site\/index.php?rest_route=%2Fwp%2Fv2%2Fcomments&post=396"}],"version-history":[{"count":0,"href":"https:\/\/www.desdegranada.com\/site\/index.php?rest_route=\/wp\/v2\/posts\/396\/revisions"}],"wp:attachment":[{"href":"https:\/\/www.desdegranada.com\/site\/index.php?rest_route=%2Fwp%2Fv2%2Fmedia&parent=396"}],"wp:term":[{"taxonomy":"category","embeddable":true,"href":"https:\/\/www.desdegranada.com\/site\/index.php?rest_route=%2Fwp%2Fv2%2Fcategories&post=396"},{"taxonomy":"post_tag","embeddable":true,"href":"https:\/\/www.desdegranada.com\/site\/index.php?rest_route=%2Fwp%2Fv2%2Ftags&post=396"}],"curies":[{"name":"wp","href":"https:\/\/api.w.org\/{rel}","templated":true}]}}