{"id":400,"date":"2021-06-17T17:12:43","date_gmt":"2021-06-17T17:12:43","guid":{"rendered":"https:\/\/www.desdegranada.com\/site\/?p=400"},"modified":"2021-06-17T17:12:43","modified_gmt":"2021-06-17T17:12:43","slug":"para-caliche-perilla","status":"publish","type":"post","link":"https:\/\/www.desdegranada.com\/site\/?p=400","title":{"rendered":"Para Caliche &#8216;Perilla&#8217;"},"content":{"rendered":"<p style=\"text-align: justify;\">Todav\u00eda tengo en las palmas de mis manos la rigidez de su mejilla siempre afeitada cuando la tocaba y le agregaba un insulto de cari\u00f1o.<\/p>\n<p style=\"text-align: justify;\">Tengo en mis ojos la cara de perro fiel que pon\u00eda cuando terminaba de darle una caricia.<\/p>\n<p style=\"text-align: justify;\">Tengo en mis odios la voz que me dice \u00abeste \u00f1ervo si es muy pendejo\u00bb<\/p>\n<p style=\"text-align: justify;\">Tengo en mis labios una frase para decirle, cochinote \u00bfTiene plata pa&#8217; que me preste?<\/p>\n<p style=\"text-align: justify;\">Tengo una respuesta a todos los 29 de diciembre cuando me llamaba a felicitar por el d\u00eda de mi cumplea\u00f1os \u00bfQuiere desayuno o un aguardiente?<\/p>\n<p style=\"text-align: justify;\">Si. Tengo la respuesta, quiero las dos cosas.<\/p>\n<p style=\"text-align: justify;\">Tengo en mi celular un poco de llamadas de Perilla para pedir m\u00fasica, tengo una canci\u00f3n que voy a recordar siempre.<\/p>\n<p style=\"text-align: justify;\">L\u00e1stima, cochinada que ya no tenga qui\u00e9n me conteste en el 310 546 28 40.<\/p>\n<p style=\"text-align: justify;\">Tengo en mis zapatos la fuerza suficiente para darle una patada de amigo mientras me lo encuentro en la calle desprevenido.<\/p>\n<p style=\"text-align: justify;\">Tengo en mi memoria recetas para mejorarme de un terrible guayabo.<\/p>\n<p style=\"text-align: justify;\">Tengo ganas de decirle al mundo que cuando yo sea viejo quiero ser como \u00e9l.<\/p>\n<p style=\"text-align: justify;\">Tengo una an\u00e9cdota con Perilla y Gurre en La Jun\u00edn, tengo una copa servida con un aguardiente doble d\u00f3nde Aureliano, tengo un pastel y una arepa de huevo donde El Gordo de La Familiar, tengo un turno en la planta, tengo una m\u00e1quina para arreglar en el negocio, tengo una moto y un casco chatarra.<\/p>\n<p style=\"text-align: justify;\">\u00abQui\u00e9n te dijo que morir <br \/>Era perder una guerra <br \/>Y por seguir en la tierra <br \/>Te ten\u00edan que aplaudir <br \/>Si al fin, dejar de existir <br \/>Es nuestra mayor verdad <br \/>Vive con tranquilidad <br \/>Y cuando acabe el camino<br \/>Entr\u00e9gate a tu destino <br \/>Con total serenidad\u00bb<\/p>\n","protected":false},"excerpt":{"rendered":"<p style=\"text-align: justify;\">Por: Jeison A. Giraldo<\/p>\n<p style=\"text-align: justify;\">A\u00fan tengo en mis brazos la medida para abrirlos, dar un abrazo y un beso en su cabeza.<\/p>\n","protected":false},"author":1,"featured_media":0,"comment_status":"open","ping_status":"open","sticky":false,"template":"","format":"standard","meta":{"footnotes":""},"categories":[20],"tags":[],"class_list":["post-400","post","type-post","status-publish","format-standard","hentry","category-columnistas"],"_links":{"self":[{"href":"https:\/\/www.desdegranada.com\/site\/index.php?rest_route=\/wp\/v2\/posts\/400","targetHints":{"allow":["GET"]}}],"collection":[{"href":"https:\/\/www.desdegranada.com\/site\/index.php?rest_route=\/wp\/v2\/posts"}],"about":[{"href":"https:\/\/www.desdegranada.com\/site\/index.php?rest_route=\/wp\/v2\/types\/post"}],"author":[{"embeddable":true,"href":"https:\/\/www.desdegranada.com\/site\/index.php?rest_route=\/wp\/v2\/users\/1"}],"replies":[{"embeddable":true,"href":"https:\/\/www.desdegranada.com\/site\/index.php?rest_route=%2Fwp%2Fv2%2Fcomments&post=400"}],"version-history":[{"count":0,"href":"https:\/\/www.desdegranada.com\/site\/index.php?rest_route=\/wp\/v2\/posts\/400\/revisions"}],"wp:attachment":[{"href":"https:\/\/www.desdegranada.com\/site\/index.php?rest_route=%2Fwp%2Fv2%2Fmedia&parent=400"}],"wp:term":[{"taxonomy":"category","embeddable":true,"href":"https:\/\/www.desdegranada.com\/site\/index.php?rest_route=%2Fwp%2Fv2%2Fcategories&post=400"},{"taxonomy":"post_tag","embeddable":true,"href":"https:\/\/www.desdegranada.com\/site\/index.php?rest_route=%2Fwp%2Fv2%2Ftags&post=400"}],"curies":[{"name":"wp","href":"https:\/\/api.w.org\/{rel}","templated":true}]}}