{"id":401,"date":"2021-06-18T20:58:58","date_gmt":"2021-06-18T20:58:58","guid":{"rendered":"https:\/\/www.desdegranada.com\/site\/?p=401"},"modified":"2021-06-18T20:58:58","modified_gmt":"2021-06-18T20:58:58","slug":"campanas-de-mi-pueblo-din-don-dan","status":"publish","type":"post","link":"https:\/\/www.desdegranada.com\/site\/?p=401","title":{"rendered":"CAMPANAS DE MI PUEBLO\u2026 DIN DON DAN"},"content":{"rendered":"<p style=\"text-align: justify;\">Han sido unos d\u00edas muy peculiares. Nunca pens\u00e9 que tanto repique de campanas irrumpiera en mi cotidianidad, por ejemplo, un domingo con 7 eucarist\u00edas simult\u00e1neas en ambos templos y hasta unas exequias justo ese d\u00eda. Siempre miraba el reloj de la Iglesia convencido de que \u2018campaneaba\u2019 en su forma habitual, o ni tan habitual, porque desde siempre el tiempo ha estado loco, loco como el mismo reloj de cuatro caras que repica la hora desde lo m\u00e1s alto del templo parroquial, a pesar de que en muchos relojes falten 1 o 2 minutos, o incluso, en otros que se adelantan por un par a la hora que desde lo alto se anuncia.<\/p>\n<p style=\"text-align: justify;\">Las campanas de mi pueblo entonces, han jugado con la hora y con el tiempo, configuradas para que cada cuarto de hora suene con un ritmo singular. Aunque tambi\u00e9n se doblan cada vez que hay eucarist\u00edas o funciones, media hora y 15 minutos antes de cada celebraci\u00f3n. Es m\u00e1s, cada \u00e1ngelus a las 6:00 y a las 12:00 anuncian dicho rezo, solo enmudecen en la Semana Santa desde la Solemne Cena del Se\u00f1or hasta la Vigilia Pascual; sin embargo, a pesar de que es una costumbre inveterada, a\u00fan no me habit\u00fao al sonar incesante de las campanas que, aparte de todas esas funciones, anuncian el homenaje p\u00f3stumo de sus hijos que parten a la Patria Celestial, o mejor, que se nos adelantan por unos a\u00f1itos y que como profesamos los creyentes, se nos aventajan porque mi Dios los necesitaba. El sonido que llama para las exequias o para el \u201centierro\u201d como decimos en Granada, es particular y lleno de mucho sentimiento, el mismo que siento mientras escribo este relato.<\/p>\n<p style=\"text-align: justify;\">Las campanas de mi pueblo son tambi\u00e9n esa melod\u00eda que los granadinos por a\u00f1os llevamos en nuestra mente y nuestro coraz\u00f3n, pues fueron ellas quienes daban apertura al alba llamando a los fieles para el rezo del rosario de aurora, al mediod\u00eda para la oraci\u00f3n del \u00e1ngelus, y cerraba con el toque de la \u00faltima eucarist\u00eda, aunque en el d\u00eda podr\u00edan haber estado programadas otras celebraciones, incluso con otra \u00edndole. Como escribe Mario G\u00f3mez (2017) en un texto alusivo a las campanas, las del templo filial datan de 1880 cuando el Padre Clemente termin\u00f3 el frontis de lo que hoy es el templo filial y las del parroquial desde 1958 cuando se hab\u00eda decidido tener un nuevo campanario. Desde ese tiempo han sonado sin interrupci\u00f3n, salvo en la fecha del 6 de diciembre del 2000, es decir, el d\u00eda del carro-bomba y en el a\u00f1o 2020 cuando los templos se cerraron por la pandemia.<\/p>\n<p style=\"text-align: justify;\">Luis Alberto Posada, en uno de sus versos dice que \u201c<em>ninguno sabe por qu\u00e9 a diario mueren tantos\u201d<\/em>, que hace parte de una de sus canciones que titula \u201cpor qui\u00e9n doblan las campanas\u201d, canciones que se escuchan mientras recorro La Variante -con ese gent\u00edo y bullicio- y sus negocios, cuan si fuera una competencia de la que m\u00e1s duro suene, pues a decir verdad uno puede estar en \u201cLa Donald\u201d (una de las cantinas de Granada) y escuchar la m\u00fasica que est\u00e1n poniendo en \u201cOtra Parte\u201d (otro de los bares). Y me parece que de alguna forma enrostra el senti-pensar de la humanidad por estos d\u00edas, pero que a su vez, es una conjetura y una premonici\u00f3n de lo que est\u00e1 por pasar en el mundo, en una necesidad de fortalecer la fe y la esperanza, de permanecer firmes y fieles a las promesas Divinas y, por supuesto, dejar el bullicio y encontrar a Dios en el silencio (visto as\u00ed desde una mirada cristiana). La salida sorpresiva de familiares, conocidos y amigos es una realidad que se ha hecho m\u00e1s intensa desde que la muerte ha tocado a nuestra puerta, sobre todo en tiempos donde la peste y la enfermedad deambulan como perro sin amo, lugares donde la guerra, el hambre y la violencia hacen parte del panorama. Sin lugar a dudas, estamos en el desaf\u00edo de la vida, y como lo dir\u00eda nuestro nobel Gabriel Garc\u00eda M\u00e1rquez, <em>\u201cla vida no es sino una continua sucesi\u00f3n de oportunidades para sobrevivir\u201d<\/em>, o como lo expresa V\u00edctor Heredia en su canci\u00f3n, somos <em>\u201ctristes y errantes hombres sobreviviendo\u201d<\/em>. Todo esto para decir que, a pesar de las dificultades, debemos seguir vivos. Etimol\u00f3gicamente, la palabra <u>sobrevivir<\/u> significa subsistir a pesar de todo (RAE, 2021). Cada repique de campanas nos invita a seguir sobreviviendo, pues se debe aprender a sortear las dificultades que nos hacen morir a una vida en Cristo a sabiendas de que muchos dicen no creer y se niegan a practicar y, reconociendo, que el problema que muchos tienen no es con Dios sino con la Iglesia; me atrevo a decir, que nuestra meta no es terrenal sino m\u00e1s all\u00e1, insisto, a pesar de que en veces somos indiferentes ante ello debemos sobrevivir y entender que estamos aqu\u00ed de paso.<\/p>\n<p style=\"text-align: justify;\"><img decoding=\"async\" src=\"images\/Campanas_de_mi_pueblo_Chichi.jpg\" alt=\"\" \/><\/p>\n<p style=\"text-align: justify;\">De cualquier manera, todo este ambiente pesaroso que se torna cada vez que un hijo o hija de Granada se va a la Casa del Padre, nos debe motivar a seguir adelante, ambientes que hacen parte del paisaje de los \u00faltimos d\u00edas con la Covid-19, con los desastres naturales y con la violencia sistem\u00e1tica que se vive en las urbes. El sonido de las campanas no debe opacar nuestra alegr\u00eda y nuestra fe, al contrario, deben ser una raz\u00f3n m\u00e1s para dar gracias a la vida que d\u00eda a d\u00eda nos desaf\u00eda. Ya hemos experimentado el ruido silencioso que hacen cuando no invitaban a misa, como en esos tiempos cuando las medidas sanitarias as\u00ed lo exig\u00edan. Si sentimos tristeza de no escuchar esos repiques, sintamos entonces alegr\u00eda cada vez que suenan para que esos redobles tambi\u00e9n sean una honra para esos que, como dec\u00edamos, se nos aventajan en el m\u00e1s all\u00e1. Es que los sonidos que nuestros campanarios emiten son hermosos y celestiales, pero cuando toda esa energ\u00eda se une para ta\u00f1er por la honra de un hijo de Granada que se va, se siente mayor emoci\u00f3n y recogimiento.<\/p>\n<p style=\"text-align: justify;\">Finalmente, como dice Jes\u00fas en aquel pasaje de Mateo 11:28: <strong>\u201c<\/strong><strong>Vengan a m\u00ed todos los que est\u00e9n cansados y agobiados, y yo los aliviar\u00e9\u201d<\/strong>, as\u00ed dice a cuantos terminan su peregrinar por este mundo, pues si de algo debemos estar convencidos es que <em>\u201cde Dios venimos y al \u00c9l regresamos\u201d<\/em>. Pregunt\u00e9monos entonces si estamos preparados para ese encuentro, si nuestra carta de presentaci\u00f3n es buena, si hemos profesado ese amor al pr\u00f3jimo y a Dios y hemos cumplido sus mandatos; s\u00f3lo as\u00ed estaremos seguros de que cuando partamos de este mundo, los llantos se cambiar\u00e1n por alegr\u00edas, pero si es lo contrario, todo debe quedar en un <em>\u201cvalle de l\u00e1grimas\u201d<\/em> como reza la Salve.<\/p>\n<p style=\"text-align: justify;\">Que el repique de las campanas nos recuerde cada vez m\u00e1s nuestra efimeridad y nos exhorte a cambiar nuestros estilos de vida, a aprovechar m\u00e1s este corto tiempo y a hacer que nuestro paso por la tierra sea provechoso. Para que as\u00ed como dice la canci\u00f3n todos vivan \u201c\u00a1Siempre Alegres!\u201d&#8230; y que repiquen las campanas din don dan, para la misa y para los hijos que se van.<\/p>\n<p style=\"text-align: justify;\"><strong>\u00a0<\/strong><\/p>\n<p style=\"text-align: justify;\"><strong>REFERENCIAS:<\/strong><\/p>\n<ul>\n<li style=\"text-align: justify;\">Camilo G\u00f3mez. (2017, 14 febrero). <em>Siempre Alegre Raphy Leavit (LETRA)<\/em> [V\u00eddeo]. YouTube. <a href=\"https:\/\/www.youtube.com\/watch?v=StOTXqhiy0k\">https:\/\/www.youtube.com\/watch?v=<\/a><a href=\"https:\/\/www.youtube.com\/watch?v=StOTXqhiy0k\">StOTXqhiy0k<\/a><\/li>\n<li style=\"text-align: justify;\">Costa, J. (2020). <em>LAS CAMPANAS DE MI PUEBLO | Poematrix<\/em>. Poematrix. <a href=\"https:\/\/poematrix.com\/autores\/pepita\/poemas\/las-campanas-de-mi-pueblo\">https:\/\/poematrix.com\/autores\/pepita\/poemas\/las-campanas-de-mi-pueblo<\/a><\/li>\n<li style=\"text-align: justify;\">(2012, 2 marzo). <em>V\u00edctor Heredia &#8211; Sobreviviendo<\/em> [V\u00eddeo]. YouTube. <a href=\"https:\/\/www.youtube.com\/watch?v=APyws1u4QvY\">https:\/\/www.youtube.com\/watch?v=<\/a><a href=\"https:\/\/www.youtube.com\/watch?v=APyws1u4QvY\">APyws1u4QvY<\/a><\/li>\n<li style=\"text-align: justify;\">(2014, 14 agosto). <em>Luis Alberto Posada &#8211; Por Quien Doblan Las Campanas (Audio Oficial)<\/em> [V\u00eddeo]. YouTube. <a href=\"https:\/\/www.youtube.com\/watch?v=a4CxP18U8CU\">https:\/\/www.youtube.com\/watch?v=a4CxP18U8CU<\/a><\/li>\n<li style=\"text-align: justify;\">G\u00f3mez, M. (2017). \u00bfA qu\u00e9 suena el recuerdo? En <em>Las Campanas<\/em> (1.a, pp. 15\u201319). \u00c1lamo.<\/li>\n<\/ul>\n<p>\u00a0<\/p>\n","protected":false},"excerpt":{"rendered":"<h1 style=\"text-align: justify;\"><em>[&#8230;] Cada vez que las campanas de mi pueblo<\/em><\/h1>\n<p style=\"text-align: justify;\"><em>suenan un muerto tristemente.<\/em><\/p>\n<p style=\"text-align: justify;\"><em>Mi pueblo llora &#8230;<\/em><\/p>\n<p style=\"text-align: justify;\"><em>y siente miedo [&#8230;] <\/em><em>\u00a0<\/em><strong>(Costa, 2020).<\/strong><\/p>\n<p style=\"text-align: justify;\">Por: <strong>JUAN DANIEL GIRALDO PARRA<\/strong><\/p>\n","protected":false},"author":1,"featured_media":0,"comment_status":"open","ping_status":"open","sticky":false,"template":"","format":"standard","meta":{"footnotes":""},"categories":[20],"tags":[],"class_list":["post-401","post","type-post","status-publish","format-standard","hentry","category-columnistas"],"_links":{"self":[{"href":"https:\/\/www.desdegranada.com\/site\/index.php?rest_route=\/wp\/v2\/posts\/401","targetHints":{"allow":["GET"]}}],"collection":[{"href":"https:\/\/www.desdegranada.com\/site\/index.php?rest_route=\/wp\/v2\/posts"}],"about":[{"href":"https:\/\/www.desdegranada.com\/site\/index.php?rest_route=\/wp\/v2\/types\/post"}],"author":[{"embeddable":true,"href":"https:\/\/www.desdegranada.com\/site\/index.php?rest_route=\/wp\/v2\/users\/1"}],"replies":[{"embeddable":true,"href":"https:\/\/www.desdegranada.com\/site\/index.php?rest_route=%2Fwp%2Fv2%2Fcomments&post=401"}],"version-history":[{"count":0,"href":"https:\/\/www.desdegranada.com\/site\/index.php?rest_route=\/wp\/v2\/posts\/401\/revisions"}],"wp:attachment":[{"href":"https:\/\/www.desdegranada.com\/site\/index.php?rest_route=%2Fwp%2Fv2%2Fmedia&parent=401"}],"wp:term":[{"taxonomy":"category","embeddable":true,"href":"https:\/\/www.desdegranada.com\/site\/index.php?rest_route=%2Fwp%2Fv2%2Fcategories&post=401"},{"taxonomy":"post_tag","embeddable":true,"href":"https:\/\/www.desdegranada.com\/site\/index.php?rest_route=%2Fwp%2Fv2%2Ftags&post=401"}],"curies":[{"name":"wp","href":"https:\/\/api.w.org\/{rel}","templated":true}]}}