{"id":402,"date":"2021-06-19T19:13:14","date_gmt":"2021-06-19T19:13:14","guid":{"rendered":"https:\/\/www.desdegranada.com\/site\/?p=402"},"modified":"2021-06-19T19:13:14","modified_gmt":"2021-06-19T19:13:14","slug":"crecen-casos-de-covid-19-en-granada","status":"publish","type":"post","link":"https:\/\/www.desdegranada.com\/site\/?p=402","title":{"rendered":"Crecen casos de covid 19 en Granada"},"content":{"rendered":"<p style=\"text-align: justify;\">67 de los pacientes son mujeres y 59 son hombres. A la fecha se reportan 28 casos activos, 8 fallecidos y 89 recuperados.<\/p>\n<p style=\"text-align: justify;\">El n\u00famero de contagiados de acuerdo al rango de edad, est\u00e1 clasificado de la siguiente manera:<\/p>\n<ul style=\"text-align: justify;\">\n<li>2 pacientes menores de 9 a\u00f1os.<\/li>\n<li>9 pacientes entre 10 y 19 a\u00f1os.<\/li>\n<li>24 pacientes entre 20 y 29 a\u00f1os.<\/li>\n<li>19 pacientes entre los 30 y los 39 a\u00f1os.<\/li>\n<li>18 pacientes entre 40 y 49 a\u00f1os.<\/li>\n<li>20 pacientes de 50 a 59 a\u00f1os.<\/li>\n<li>11 pacientes de 60 a 69 a\u00f1os.<\/li>\n<li>17 pacientes entre los 70 y los 79 a\u00f1os.<\/li>\n<li>6 pacientes mayores de 80 a\u00f1os.<\/li>\n<\/ul>\n<p style=\"text-align: justify;\">Con el crecimiento que se ha registrado en los \u00faltimos d\u00edas, la localidad pasa de afectaci\u00f3n baja a moderada, lo que implica mayor responsabilidad por parte de todos los ciudadanos en lo que respecta al cumplimiento de las medidas de bioseguridad.<\/p>\n<p style=\"text-align: justify;\"><img decoding=\"async\" src=\"images\/Reporte_covid_Granada_18_de_junio_1.jpg\" alt=\"\" \/><\/p>\n<p style=\"text-align: justify;\">En cuanto a la inmunizaci\u00f3n de la poblaci\u00f3n, el n\u00famero tambi\u00e9n viene creciendo. Granada ha recibido, con fecha de corte el 14 de junio, 3.498 biol\u00f3gicos; de estos se han suministrado ya 1.876 correspondientes a la primera dosis y 1.186 que hacen parte de la segunda dosis, restando a\u00fan por suministrar 436 ant\u00edgenos.<\/p>\n<p style=\"text-align: justify;\">Mientras tanto en el departamento la cifra se eleva hasta los 2.236.470 vacunados contra el covid19.<\/p>\n","protected":false},"excerpt":{"rendered":"<p style=\"text-align: justify;\">En el m\u00e1s reciente informe emitido por la Secretar\u00eda Seccional de Salud de Antioquia el pasado viernes 18 de junio, se dio a conocer que Granada registr\u00f3 8 nuevos casos de covid 19. De esta manera la cifra total de infectados asciende hasta los 126.<\/p>\n","protected":false},"author":1,"featured_media":0,"comment_status":"open","ping_status":"open","sticky":false,"template":"","format":"standard","meta":{"footnotes":""},"categories":[19],"tags":[],"class_list":["post-402","post","type-post","status-publish","format-standard","hentry","category-noticias"],"_links":{"self":[{"href":"https:\/\/www.desdegranada.com\/site\/index.php?rest_route=\/wp\/v2\/posts\/402","targetHints":{"allow":["GET"]}}],"collection":[{"href":"https:\/\/www.desdegranada.com\/site\/index.php?rest_route=\/wp\/v2\/posts"}],"about":[{"href":"https:\/\/www.desdegranada.com\/site\/index.php?rest_route=\/wp\/v2\/types\/post"}],"author":[{"embeddable":true,"href":"https:\/\/www.desdegranada.com\/site\/index.php?rest_route=\/wp\/v2\/users\/1"}],"replies":[{"embeddable":true,"href":"https:\/\/www.desdegranada.com\/site\/index.php?rest_route=%2Fwp%2Fv2%2Fcomments&post=402"}],"version-history":[{"count":0,"href":"https:\/\/www.desdegranada.com\/site\/index.php?rest_route=\/wp\/v2\/posts\/402\/revisions"}],"wp:attachment":[{"href":"https:\/\/www.desdegranada.com\/site\/index.php?rest_route=%2Fwp%2Fv2%2Fmedia&parent=402"}],"wp:term":[{"taxonomy":"category","embeddable":true,"href":"https:\/\/www.desdegranada.com\/site\/index.php?rest_route=%2Fwp%2Fv2%2Fcategories&post=402"},{"taxonomy":"post_tag","embeddable":true,"href":"https:\/\/www.desdegranada.com\/site\/index.php?rest_route=%2Fwp%2Fv2%2Ftags&post=402"}],"curies":[{"name":"wp","href":"https:\/\/api.w.org\/{rel}","templated":true}]}}