{"id":403,"date":"2021-06-21T21:03:14","date_gmt":"2021-06-21T21:03:14","guid":{"rendered":"https:\/\/www.desdegranada.com\/site\/?p=403"},"modified":"2021-06-21T21:03:14","modified_gmt":"2021-06-21T21:03:14","slug":"javiercito-hablo-con-nairo-y-ahora-recibio-un-regalo-de-su-parte-esta-cumpliendo-su-sueno","status":"publish","type":"post","link":"https:\/\/www.desdegranada.com\/site\/?p=403","title":{"rendered":"Javiercito habl\u00f3 con Nairo y ahora recibi\u00f3 un regalo de su parte. Est\u00e1 cumpliendo su sue\u00f1o"},"content":{"rendered":"<p style=\"text-align: justify;\">En el texto, Javiercito, como de cari\u00f1o llaman al menor, habl\u00f3 de uno de sus grandes sue\u00f1os: conocer al pedalista Nairo Quintana y, gracias a la difusi\u00f3n que por redes sociales se hizo de esta informaci\u00f3n, el ni\u00f1o ya empieza a cumplir este deseo.<\/p>\n<p style=\"text-align: justify;\"><img loading=\"lazy\" decoding=\"async\" src=\"images\/Javviercito-Nairo_2.jpg\" alt=\"Javiercito conversa con Nairo Quintana a trav\u00e9s de una videollamada.\" width=\"750\" height=\"439\" \/><\/p>\n<p style=\"text-align: justify;\">El\u00a0s\u00e1bado 19 de junio, a trav\u00e9s de una videollamada, Javiercito tuvo la oportunidad de conversar con su \u00eddolo y este 21 de junio recibi\u00f3 un regalo que le envi\u00f3 el mism\u00edsimo Nairo.<\/p>\n<p><iframe loading=\"lazy\" style=\"border: none; overflow: hidden;\" src=\"https:\/\/www.facebook.com\/plugins\/post.php?href=https%3A%2F%2Fwww.facebook.com%2Fgranada.stereo%2Fposts%2F1944797042345912&amp;show_text=true&amp;width=500\" width=\"500\" height=\"678\" frameborder=\"0\" scrolling=\"no\" allowfullscreen=\"allowfullscreen\"><\/iframe><\/p>\n<p style=\"text-align: justify;\">\u00a0\u00abMi Dios le pague y le d\u00e9 el cielo, Nairo\u00bb, fueron las palabras pronunciadas por Javiercito, con una sonrisa en su rostro, luego de abrir el obsequio.<\/p>\n<p style=\"text-align: justify;\"><img loading=\"lazy\" decoding=\"async\" src=\"images\/Javviercito-Nairo_1.jpg\" width=\"750\" height=\"439\" \/><\/p>\n<p style=\"text-align: justify;\">En la conversaci\u00f3n que sostuvieron Javier Alejandro Pineda y Nairo Quintana, hablaron de la posibilidad de generar un encuentro presencial cuando el ciclista llegue a Colombia despu\u00e9s de participar Tour de Francia.\u00a0<\/p>\n<p><iframe loading=\"lazy\" style=\"border: none; overflow: hidden;\" src=\"https:\/\/www.facebook.com\/plugins\/video.php?height=476&amp;href=https%3A%2F%2Fwww.facebook.com%2Fgranada.stereo%2Fvideos%2F494547878539435%2F&amp;show_text=true&amp;width=261&amp;t=0\" width=\"261\" height=\"591\" frameborder=\"0\" scrolling=\"no\" allowfullscreen=\"allowfullscreen\"><\/iframe><\/p>\n","protected":false},"excerpt":{"rendered":"<p style=\"text-align: justify;\">El escritor granadino Hugo Tamayo realiz\u00f3 una columna en la que cuenta la historia de Javier Alejandro Pineda Salazar, un ni\u00f1o granadino que practicaba el ciclismo, su deporte favorito, y que por causa de un c\u00e1ncer que padece tuvo que dejarlo de lado..<\/p>\n","protected":false},"author":1,"featured_media":0,"comment_status":"open","ping_status":"open","sticky":false,"template":"","format":"standard","meta":{"footnotes":""},"categories":[19],"tags":[],"class_list":["post-403","post","type-post","status-publish","format-standard","hentry","category-noticias"],"_links":{"self":[{"href":"https:\/\/www.desdegranada.com\/site\/index.php?rest_route=\/wp\/v2\/posts\/403","targetHints":{"allow":["GET"]}}],"collection":[{"href":"https:\/\/www.desdegranada.com\/site\/index.php?rest_route=\/wp\/v2\/posts"}],"about":[{"href":"https:\/\/www.desdegranada.com\/site\/index.php?rest_route=\/wp\/v2\/types\/post"}],"author":[{"embeddable":true,"href":"https:\/\/www.desdegranada.com\/site\/index.php?rest_route=\/wp\/v2\/users\/1"}],"replies":[{"embeddable":true,"href":"https:\/\/www.desdegranada.com\/site\/index.php?rest_route=%2Fwp%2Fv2%2Fcomments&post=403"}],"version-history":[{"count":0,"href":"https:\/\/www.desdegranada.com\/site\/index.php?rest_route=\/wp\/v2\/posts\/403\/revisions"}],"wp:attachment":[{"href":"https:\/\/www.desdegranada.com\/site\/index.php?rest_route=%2Fwp%2Fv2%2Fmedia&parent=403"}],"wp:term":[{"taxonomy":"category","embeddable":true,"href":"https:\/\/www.desdegranada.com\/site\/index.php?rest_route=%2Fwp%2Fv2%2Fcategories&post=403"},{"taxonomy":"post_tag","embeddable":true,"href":"https:\/\/www.desdegranada.com\/site\/index.php?rest_route=%2Fwp%2Fv2%2Ftags&post=403"}],"curies":[{"name":"wp","href":"https:\/\/api.w.org\/{rel}","templated":true}]}}