{"id":404,"date":"2021-06-23T23:07:48","date_gmt":"2021-06-23T23:07:48","guid":{"rendered":"https:\/\/www.desdegranada.com\/site\/?p=404"},"modified":"2021-06-23T23:07:48","modified_gmt":"2021-06-23T23:07:48","slug":"3-228-vacunas-contra-el-covid-19-se-han-suministrado-en-granada","status":"publish","type":"post","link":"https:\/\/www.desdegranada.com\/site\/?p=404","title":{"rendered":"3.228 vacunas contra el covid 19 se han suministrado en Granada"},"content":{"rendered":"<p style=\"text-align: justify;\">De acuerdo a los boletines que emite peri\u00f3dicamente la personer\u00eda municipal en los que se muestran los avances de la vacunaci\u00f3n, con corte al 21 de junio, Granada ha recibido un total de 3.998 ant\u00edgenos, de los cuales se han suministrado hasta el momento 3.228. De ese n\u00famero 1.944 vacunas corresponden a primeras dosis y 1.284 a segundas dosis, restando todav\u00eda por aplicar 770 biol\u00f3gicos.<\/p>\n<p style=\"text-align: justify;\"><img decoding=\"async\" src=\"images\/Avance_vacunacin_covid_19_Granada.jpg\" alt=\"\" \/><\/p>\n<p style=\"text-align: justify;\">Seg\u00fan el DANE, Granada cuenta con 9.915 habitantes y dentro de la proyecci\u00f3n est\u00e1 inmunizar un 70% de la poblaci\u00f3n, es decir 6.941 personas. Mientras avanzan el plan nacional de vacunaci\u00f3n, la recomendaci\u00f3n a la comunidad es a seguir poniendo en pr\u00e1ctica cada una de las medidas de autocuidado.<\/p>\n","protected":false},"excerpt":{"rendered":"<p style=\"text-align: justify;\">Aunque Granada al igual que el departamento y el pa\u00eds ha venido registrando durante los \u00faltimos d\u00edas un incremento en los casos de covid 19, hay tambi\u00e9n informaci\u00f3n positiva que alienta a seguir haciendo frente a esta pandemia global que inici\u00f3 a finales del 2019 en China, y es que tambi\u00e9n las cifras de la vacunaci\u00f3n contin\u00faan creciendo.<\/p>\n","protected":false},"author":1,"featured_media":0,"comment_status":"open","ping_status":"open","sticky":false,"template":"","format":"standard","meta":{"footnotes":""},"categories":[19],"tags":[],"class_list":["post-404","post","type-post","status-publish","format-standard","hentry","category-noticias"],"_links":{"self":[{"href":"https:\/\/www.desdegranada.com\/site\/index.php?rest_route=\/wp\/v2\/posts\/404","targetHints":{"allow":["GET"]}}],"collection":[{"href":"https:\/\/www.desdegranada.com\/site\/index.php?rest_route=\/wp\/v2\/posts"}],"about":[{"href":"https:\/\/www.desdegranada.com\/site\/index.php?rest_route=\/wp\/v2\/types\/post"}],"author":[{"embeddable":true,"href":"https:\/\/www.desdegranada.com\/site\/index.php?rest_route=\/wp\/v2\/users\/1"}],"replies":[{"embeddable":true,"href":"https:\/\/www.desdegranada.com\/site\/index.php?rest_route=%2Fwp%2Fv2%2Fcomments&post=404"}],"version-history":[{"count":0,"href":"https:\/\/www.desdegranada.com\/site\/index.php?rest_route=\/wp\/v2\/posts\/404\/revisions"}],"wp:attachment":[{"href":"https:\/\/www.desdegranada.com\/site\/index.php?rest_route=%2Fwp%2Fv2%2Fmedia&parent=404"}],"wp:term":[{"taxonomy":"category","embeddable":true,"href":"https:\/\/www.desdegranada.com\/site\/index.php?rest_route=%2Fwp%2Fv2%2Fcategories&post=404"},{"taxonomy":"post_tag","embeddable":true,"href":"https:\/\/www.desdegranada.com\/site\/index.php?rest_route=%2Fwp%2Fv2%2Ftags&post=404"}],"curies":[{"name":"wp","href":"https:\/\/api.w.org\/{rel}","templated":true}]}}