{"id":405,"date":"2021-06-28T17:19:38","date_gmt":"2021-06-28T17:19:38","guid":{"rendered":"https:\/\/www.desdegranada.com\/site\/?p=405"},"modified":"2021-06-28T17:19:38","modified_gmt":"2021-06-28T17:19:38","slug":"parroquia-santa-barbara-realizara-las-fiestas-en-honor-a-la-virgen-del-carmen","status":"publish","type":"post","link":"https:\/\/www.desdegranada.com\/site\/?p=405","title":{"rendered":"Parroquia Santa B\u00e1rbara realizar\u00e1 las fiestas en honor a la Virgen del Carmen"},"content":{"rendered":"<p style=\"text-align: justify;\">Al respecto, una de las primeras noticias que se conoce, es la realizaci\u00f3n de los retiros espirituales para los se\u00f1ores entre el 15 y el 17 de julio de manera presencial, adem\u00e1s de la bendici\u00f3n y el tradicional desfile de carros el d\u00eda 16 de julio.<\/p>\n<p style=\"text-align: justify;\">\u201cEsta va a ser una primera experiencia y la vamos a hacer porque estamos muy optimistas con la vacunaci\u00f3n. Las conferencias van a ser en este horario: 9a.m, 11a.m, 2p.m y 4p.m\u201d.<\/p>\n<p style=\"text-align: justify;\"><img decoding=\"async\" src=\"images\/Fiestas_d_ela_Virgen_del_Carmen_2021_.jpg\" alt=\"\" \/><\/p>\n<p style=\"text-align: justify;\">Pensando en cumplir con las medidas de bioseguridad, el desfile de carros que este a\u00f1o tendr\u00e1 lugar el d\u00eda cl\u00e1sico, se est\u00e1 planteando que se desarrolle como de costumbre con la bendici\u00f3n de carros y motos, eso s\u00ed, sin la participaci\u00f3n de la comunidad en el recorrido.<\/p>\n<p style=\"text-align: justify;\">\u201cEstamos previendo la actividad tan linda de, al menos, bendici\u00f3n de carros, motos, todo lo que sea transporte. Hicimos una consulta con la autoridad de tr\u00e1nsito y si se pudiera hacer solo con conductores y la bendici\u00f3n de los veh\u00edculos, seguramente nos dar\u00e1n permiso. Nos faltar\u00eda hablar con el se\u00f1or alcalde y los conductores a ver si lo ven posible\u201d.<\/p>\n<p style=\"text-align: justify;\">El novenario en honor a la Virgen del Carmen tendr\u00e1 su inicio el viernes 9 de julio con el rezo del rosario de aurora presidido por los sacerdotes, y en horas de la tarde la novena y la eucarist\u00eda. Para el cierre de esta celebraci\u00f3n, el s\u00e1bado 17, en una carroza, la parroquia visitar\u00e1 cada uno de los sectores del municipio con la imagen de la Virgen del Carmen.<\/p>\n","protected":false},"excerpt":{"rendered":"<p style=\"text-align: justify;\">Con el mes de julio tocando a la puerta, crecen las expectativas dentro de los fieles granadinos por la celebraci\u00f3n de las fiestas en honor a la Virgen del Carmen, pues desde la Parroquia Santa B\u00e1rbara ya se ha anunciado que se llevar\u00e1n a cabo, y aunque habr\u00e1 cambios con respecto a la celebraci\u00f3n del a\u00f1o anterior, tampoco ser\u00e1 como en otros a\u00f1os.<\/p>\n","protected":false},"author":1,"featured_media":0,"comment_status":"open","ping_status":"open","sticky":false,"template":"","format":"standard","meta":{"footnotes":""},"categories":[19],"tags":[],"class_list":["post-405","post","type-post","status-publish","format-standard","hentry","category-noticias"],"_links":{"self":[{"href":"https:\/\/www.desdegranada.com\/site\/index.php?rest_route=\/wp\/v2\/posts\/405","targetHints":{"allow":["GET"]}}],"collection":[{"href":"https:\/\/www.desdegranada.com\/site\/index.php?rest_route=\/wp\/v2\/posts"}],"about":[{"href":"https:\/\/www.desdegranada.com\/site\/index.php?rest_route=\/wp\/v2\/types\/post"}],"author":[{"embeddable":true,"href":"https:\/\/www.desdegranada.com\/site\/index.php?rest_route=\/wp\/v2\/users\/1"}],"replies":[{"embeddable":true,"href":"https:\/\/www.desdegranada.com\/site\/index.php?rest_route=%2Fwp%2Fv2%2Fcomments&post=405"}],"version-history":[{"count":0,"href":"https:\/\/www.desdegranada.com\/site\/index.php?rest_route=\/wp\/v2\/posts\/405\/revisions"}],"wp:attachment":[{"href":"https:\/\/www.desdegranada.com\/site\/index.php?rest_route=%2Fwp%2Fv2%2Fmedia&parent=405"}],"wp:term":[{"taxonomy":"category","embeddable":true,"href":"https:\/\/www.desdegranada.com\/site\/index.php?rest_route=%2Fwp%2Fv2%2Fcategories&post=405"},{"taxonomy":"post_tag","embeddable":true,"href":"https:\/\/www.desdegranada.com\/site\/index.php?rest_route=%2Fwp%2Fv2%2Ftags&post=405"}],"curies":[{"name":"wp","href":"https:\/\/api.w.org\/{rel}","templated":true}]}}